{"id":167,"date":"2002-06-28T19:21:00","date_gmt":"2002-06-28T18:21:00","guid":{"rendered":"http:\/\/www.roxanephoto.com\/blog\/2002\/06\/28\/mardin\/"},"modified":"2009-01-14T13:22:42","modified_gmt":"2009-01-14T12:22:42","slug":"mardin","status":"publish","type":"post","link":"https:\/\/www.roxanephoto.com\/blog\/2002\/06\/mardin\/","title":{"rendered":"Mardin"},"content":{"rendered":"<div style=\"text-align: justify;\">Hier soir, \u00e0 la terrasse de l&rsquo;h\u00f4tel, devant un verre de bi\u00e8re (on risque de ne plus en boire de sit\u00f4t) je r\u00eavassais devant les lumi\u00e8res de la ville haute. En d\u00e9pit du c\u00f4t\u00e9 peu riant de cette ville, je me suis souvenue de Mardin, capitale des Artoukides, et d&rsquo;al-Jazari qui con\u00e7ut l\u00e0 ses fabuleux automates. Et du s\u00e9jour qu&rsquo;y fit Ibn Battuta. Malgr\u00e9 l&rsquo;agitation de la terrasse, les all\u00e9es et venues du service, les touristes autour et tous ces b\u00e2timents modernes qui poussent comme des chancres sur cete ville, je me suis sentie un moment transport\u00e9e dans un autre temps, dans la Mardin du XV\u00e8me siecle. \u00c7a prend de temps en temps ces \u00e9vasions temporelles. Avec mon Moyen-\u00e2ge kurde je me fais parfois l&rsquo;effet d&rsquo;\u00eatre aussi cingl\u00e9e que les trois \u00e9vang\u00e9listes de Fred Vargas.<\/div>\n<p>\u00a0<\/p>\n<div style=\"text-align: justify;\"><img decoding=\"async\" loading=\"lazy\" class=\"alignleft size-medium wp-image-727\" title=\"mardin\" src=\"http:\/\/www.roxanephoto.com\/blog\/wp-content\/uploads\/2008\/12\/mardin4.jpg\" alt=\"\" width=\"350\" height=\"234\" \/>A l&rsquo;h\u00f4tel, j&rsquo;ai achet\u00e9 un collier fait de petites pierres de couleur m\u00eal\u00e9es \u00e0 des grains de m\u00e9tal et de bimbeloteries, et qui se termine par un gros coeur rouge. Le nom de ces petites pierres, <em>mor\u00eek<\/em>, m&rsquo;a fait souvenir de ce passage de Mem et Zin o\u00f9 Amed\u00ea Xani apelle ainsi les dialectes et chansons du Botan. C&rsquo;est sans doute pour cela qu&rsquo;il m&rsquo;a plu, ou bien pour ce coeur rouge ench\u00e2ss\u00e9 dans du m\u00e9tal &#8211; je deviens un peu Kurde dans mes go\u00fbts. Pour le moment il remplace en porte-chance &#8211; fortune de voyage- le <em>tesbih <\/em>que j&rsquo;ai cass\u00e9.<\/div>\n<p>\u00a0<\/p>\n<div style=\"text-align: justify;\">Et la chance a bien vite fait son effet car la visite du monast\u00e8re de Deirurzafaran fut une vraie d\u00e9couverte, un tr\u00e9sor inattendu.<\/div>\n<div>\u00a0<\/div>\n<div style=\"text-align: justify;\"><img decoding=\"async\" loading=\"lazy\" class=\"alignleft size-medium wp-image-728\" title=\"mardin\" src=\"http:\/\/www.roxanephoto.com\/blog\/wp-content\/uploads\/2008\/12\/mardin5.jpg\" alt=\"\" width=\"400\" height=\"266\" \/>Sculpt\u00e9s dans la pierre des murs, au-dessus des porches, sur le bois des portes et m\u00eame des bancs, il y a tous les motifs de l&rsquo;art de la Jezireh : dragons affront\u00e9s autour d&rsquo;un vase de vie, oiseaux et quadrup\u00e8des dans les jardins de paradis, les m\u00eames entrelacs v\u00e9g\u00e9taux qu&rsquo;\u00e0 Erzurum ou Divrigi&#8230; que cet art, strictement le m\u00eame, figure dans les monast\u00e8res de Haute-M\u00e9sopotamie montre bien qu&rsquo;il s&rsquo;agit l\u00e0 d&rsquo;une m\u00eame source et que les architectes et artisans, qu&rsquo;ils soient musulmans ou chr\u00e9tiens, travaillaient bien c\u00f4te \u00e0 c\u00f4te et pour tous. Ce qui remonte aux liens qui pouvaient exister dans la m\u00eame r\u00e9gion entre chr\u00e9tiens, soufis et chiites puisqu&rsquo;ils utilisent les m\u00eames symboles malgr\u00e9 leur diff\u00e9rence de cultes.<\/div>\n","protected":false},"excerpt":{"rendered":"<p>Hier soir, \u00e0 la terrasse de l&rsquo;h\u00f4tel, devant un verre de bi\u00e8re (on risque de ne plus en boire de sit\u00f4t) je r\u00eavassais devant les lumi\u00e8res de la ville haute. En d\u00e9pit du c\u00f4t\u00e9 peu riant de cette ville, je &hellip; <a href=\"https:\/\/www.roxanephoto.com\/blog\/2002\/06\/mardin\/\">Continuer la lecture <span class=\"meta-nav\">&rarr;<\/span><\/a><\/p>\n","protected":false},"author":4,"featured_media":0,"comment_status":"open","ping_status":"open","sticky":false,"template":"","format":"standard","meta":[],"categories":[94,10,9],"tags":[95],"_links":{"self":[{"href":"https:\/\/www.roxanephoto.com\/blog\/wp-json\/wp\/v2\/posts\/167"}],"collection":[{"href":"https:\/\/www.roxanephoto.com\/blog\/wp-json\/wp\/v2\/posts"}],"about":[{"href":"https:\/\/www.roxanephoto.com\/blog\/wp-json\/wp\/v2\/types\/post"}],"author":[{"embeddable":true,"href":"https:\/\/www.roxanephoto.com\/blog\/wp-json\/wp\/v2\/users\/4"}],"replies":[{"embeddable":true,"href":"https:\/\/www.roxanephoto.com\/blog\/wp-json\/wp\/v2\/comments?post=167"}],"version-history":[{"count":4,"href":"https:\/\/www.roxanephoto.com\/blog\/wp-json\/wp\/v2\/posts\/167\/revisions"}],"predecessor-version":[{"id":2175,"href":"https:\/\/www.roxanephoto.com\/blog\/wp-json\/wp\/v2\/posts\/167\/revisions\/2175"}],"wp:attachment":[{"href":"https:\/\/www.roxanephoto.com\/blog\/wp-json\/wp\/v2\/media?parent=167"}],"wp:term":[{"taxonomy":"category","embeddable":true,"href":"https:\/\/www.roxanephoto.com\/blog\/wp-json\/wp\/v2\/categories?post=167"},{"taxonomy":"post_tag","embeddable":true,"href":"https:\/\/www.roxanephoto.com\/blog\/wp-json\/wp\/v2\/tags?post=167"}],"curies":[{"name":"wp","href":"https:\/\/api.w.org\/{rel}","templated":true}]}}