{"id":188,"date":"2002-07-06T17:23:00","date_gmt":"2002-07-06T16:23:00","guid":{"rendered":"http:\/\/www.roxanephoto.com\/blog\/2002\/07\/06\/silvan-2\/"},"modified":"2008-12-11T20:32:41","modified_gmt":"2008-12-11T19:32:41","slug":"silvan-2","status":"publish","type":"post","link":"https:\/\/www.roxanephoto.com\/blog\/2002\/07\/silvan-2\/","title":{"rendered":"Silvan"},"content":{"rendered":"<div style=\"text-align: justify;\">Retour a l&rsquo;\u00f6\u00f0retmenevi ou nous attend un des reponsables, un prof de chimie, qui appartient aussi a une des plus grandes familles d&rsquo;aghas par sa mere et est fils de cheikh. Du coup tout le monde l&rsquo;appelle \u00ab\u00a0Cheikh\u00a0\u00bb bien qu&rsquo;il n&rsquo;en soit pas un. Avec lui nous visitons le lendemain une grande demeure kurde, un peu ruin\u00e9e tout de m\u00eame, qui appartient a son cousin. Il nous dit que son cousin est facho. Il faut comprendre grand propri\u00e9taire en cheville avec l&rsquo;\u00e9tat et les gardiens de village. Lui est plut\u00f4t \u00ab\u00a0patriote\u00a0\u00bb, c&rsquo;est fr\u00e9quent dans les familles d&rsquo;avoir plusieurs membres dans des bords tres diff\u00e9rents, surtout dans les grandes familles. On ne met pas tous ses oeufs dans le m\u00eame panier. A l&rsquo;origine, Silvan et sa r\u00e9gion appartenait a trois familles d&rsquo;aghas. Je ne suis pas s\u00fbre que \u00e7a ait beaucoup chang\u00e9. Pres de Malabadi, toute l&rsquo;\u00e9tendue des champs de coton appartient a une seule personne. Et s&rsquo;ils ont br\u00fbl\u00e9 les villagesdes montagnes, ils n&rsquo;ont pas touch\u00e9 a la plaine.<\/div>\n<p>\u00a0<\/p>\n<div style=\"text-align: justify;\"><img decoding=\"async\" loading=\"lazy\" class=\"alignleft size-medium wp-image-800\" title=\"silvan\" src=\"http:\/\/www.roxanephoto.com\/blog\/wp-content\/uploads\/2008\/12\/silvan.jpg\" alt=\"\" width=\"268\" height=\"400\" \/>Quant au pont de Malabadi, d\u00e9sol\u00e9e Kendal mais j&rsquo;avais bien raison : il est d&rsquo;\u00e9poque artoukide, au moins dans sa derniere reconstruction. Et bien moins beau que celui de Cizre (invisitable h\u00e9las puisque sur le check-point Turquie-Syrie-Irak). Pour la citadelle, c&rsquo;est idem. Les jolies sculptures de lions et de chimeres que nous d\u00e9busquons avec les gosses dans une partie de jeu de piste sur les toits terrasses de Silvan ressemblent traits pour traits aux sculptures de l&rsquo;enceinte de Diyarbakir.<\/div>\n<p>\u00a0<\/p>\n<div style=\"text-align: justify;\">Le soir diner a l&rsquo;ext\u00e9rieur dans un \u00e7aybahce (salon de th\u00e9) qui fait aussi terrain de football (20 millions de l&rsquo;heure pour la location du terrain). On bavarde avec un prof d&rsquo;anglais de Diyarbakir que l&rsquo;on retrouvera le lendemain a la pastahanesi. Prend mon e-mail &#8211; \u00e9tant donn\u00e9 qu&rsquo;eux n&rsquo;en ont pas je me demande pourquoi les adresses e-mail les int\u00e9ressent &#8211; en contrepartie de son num\u00e9ro de t\u00e9l\u00e9phone. Il parle de ses \u00e9leves, des gosses pauvres de Diyarbakir. Dit qu&rsquo;ils n&rsquo;ont pas beaucoup d&rsquo;entrain pour apprendre. Et comment pourraient-ils ? Tous travaillent en-dehors de l&rsquo;\u00e9cole, ils sont cireurs de chaussures, vendeurs de simit&#8230; Ils ne mangent pas bien et vont l&rsquo;hiver avec des v\u00eatements en loques et des chaussures trou\u00e9es. Quant aux adultes, ils ne sont guere plus motiv\u00e9s par les langues \u00e9trangeres, en disant : \u00ab\u00a0je ne parle d\u00e9ja pas bien le turc, alors pourquoi l&rsquo;anglais ?\u00a0\u00bb Il est vrai que l&rsquo;assimilation n&rsquo;est pas toujours une r\u00e9ussite. Deux ou trois fois, j&rsquo;ai entendu dans les dolmus quelqu&rsquo;un dire (et un homme, pas une femme) qu&rsquo;il ne parle pas le turc, seulement le kurde.<\/div>\n","protected":false},"excerpt":{"rendered":"<p>Retour a l&rsquo;\u00f6\u00f0retmenevi ou nous attend un des reponsables, un prof de chimie, qui appartient aussi a une des plus grandes familles d&rsquo;aghas par sa mere et est fils de cheikh. Du coup tout le monde l&rsquo;appelle \u00ab\u00a0Cheikh\u00a0\u00bb bien qu&rsquo;il &hellip; <a href=\"https:\/\/www.roxanephoto.com\/blog\/2002\/07\/silvan-2\/\">Continuer la lecture <span class=\"meta-nav\">&rarr;<\/span><\/a><\/p>\n","protected":false},"author":4,"featured_media":0,"comment_status":"open","ping_status":"open","sticky":false,"template":"","format":"standard","meta":[],"categories":[10,30,9],"tags":[],"_links":{"self":[{"href":"https:\/\/www.roxanephoto.com\/blog\/wp-json\/wp\/v2\/posts\/188"}],"collection":[{"href":"https:\/\/www.roxanephoto.com\/blog\/wp-json\/wp\/v2\/posts"}],"about":[{"href":"https:\/\/www.roxanephoto.com\/blog\/wp-json\/wp\/v2\/types\/post"}],"author":[{"embeddable":true,"href":"https:\/\/www.roxanephoto.com\/blog\/wp-json\/wp\/v2\/users\/4"}],"replies":[{"embeddable":true,"href":"https:\/\/www.roxanephoto.com\/blog\/wp-json\/wp\/v2\/comments?post=188"}],"version-history":[{"count":4,"href":"https:\/\/www.roxanephoto.com\/blog\/wp-json\/wp\/v2\/posts\/188\/revisions"}],"predecessor-version":[{"id":802,"href":"https:\/\/www.roxanephoto.com\/blog\/wp-json\/wp\/v2\/posts\/188\/revisions\/802"}],"wp:attachment":[{"href":"https:\/\/www.roxanephoto.com\/blog\/wp-json\/wp\/v2\/media?parent=188"}],"wp:term":[{"taxonomy":"category","embeddable":true,"href":"https:\/\/www.roxanephoto.com\/blog\/wp-json\/wp\/v2\/categories?post=188"},{"taxonomy":"post_tag","embeddable":true,"href":"https:\/\/www.roxanephoto.com\/blog\/wp-json\/wp\/v2\/tags?post=188"}],"curies":[{"name":"wp","href":"https:\/\/api.w.org\/{rel}","templated":true}]}}