{"id":192,"date":"2002-07-07T18:03:00","date_gmt":"2002-07-07T17:03:00","guid":{"rendered":"http:\/\/www.roxanephoto.com\/blog\/2002\/07\/07\/bitlis-2\/"},"modified":"2008-12-11T22:49:22","modified_gmt":"2008-12-11T21:49:22","slug":"bitlis-2","status":"publish","type":"post","link":"https:\/\/www.roxanephoto.com\/blog\/2002\/07\/bitlis-2\/","title":{"rendered":"Bitlis"},"content":{"rendered":"<div style=\"text-align: justify;\"><img decoding=\"async\" loading=\"lazy\" class=\"alignleft size-medium wp-image-839\" title=\"bitlis\" src=\"http:\/\/www.roxanephoto.com\/blog\/wp-content\/uploads\/2008\/12\/bitlis12.jpg\" alt=\"\" width=\"147\" height=\"224\" \/>Journ\u00e9e tranquille \u00e0 Bitlis, apr\u00e8s toutes ces p\u00e9rip\u00e9ties\u0964 On est assez surpris de nous voir, mais on nous fiche la paix. Ici, on se sent plus en Arm\u00e9nie qu&rsquo;au Kurdistan. C&rsquo;est d&rsquo;ailleurs facile de distinguer la fronti\u00e8re. Il para\u00eet que pour tracer celle entre le Kurdistan et l&rsquo;Arabistan il suffit de faire marcher un chameau vers les montagnes jusqu&rsquo;\u00e0 ce qu&rsquo;il refuse d&rsquo;aller plus loin : l\u00e0 commence le pays kurde. Pour l&rsquo;Arm\u00e9nie, ce sont les premiers bouleaux qui l&rsquo;annoncent. Et \u00e0 Bitlis, les bouleaux, les maisons et les toits c\u00f4niques des turbehs et des mosqu\u00e9es annoncent d\u00e9j\u00e0 Van et Erzouroum.<\/div>\n<div>\n<p>\u00a0<\/p><\/div>\n<div style=\"text-align: justify;\">Le russe commence m\u00eame \u00e0 apparaitre. Dans une rue de Bitlis un homme nous a demand\u00e9 \u00ab\u00a0panimachie tirki, roussi ?\u00a0\u00bb En tous cas la temp\u00e9rature est agr\u00e9able. Autour de 30 degr\u00e9s pour qui vient du Botan, c&rsquo;est l&rsquo;id\u00e9al.<\/div>\n<div style=\"text-align: justify;\">Dans la mosqu\u00e9e Sharafiyye j&rsquo;ai vu deux tombes r\u00e9centes, deux hommes, dont un maire de Bitlis : les sharafhanoghlu. Comme quoi les grandes familles ne sont pas toutes perdues.<\/div>\n","protected":false},"excerpt":{"rendered":"<p>Journ\u00e9e tranquille \u00e0 Bitlis, apr\u00e8s toutes ces p\u00e9rip\u00e9ties\u0964 On est assez surpris de nous voir, mais on nous fiche la paix. Ici, on se sent plus en Arm\u00e9nie qu&rsquo;au Kurdistan. C&rsquo;est d&rsquo;ailleurs facile de distinguer la fronti\u00e8re. Il para\u00eet que &hellip; <a href=\"https:\/\/www.roxanephoto.com\/blog\/2002\/07\/bitlis-2\/\">Continuer la lecture <span class=\"meta-nav\">&rarr;<\/span><\/a><\/p>\n","protected":false},"author":4,"featured_media":0,"comment_status":"open","ping_status":"open","sticky":false,"template":"","format":"standard","meta":[],"categories":[101,10,9],"tags":[],"_links":{"self":[{"href":"https:\/\/www.roxanephoto.com\/blog\/wp-json\/wp\/v2\/posts\/192"}],"collection":[{"href":"https:\/\/www.roxanephoto.com\/blog\/wp-json\/wp\/v2\/posts"}],"about":[{"href":"https:\/\/www.roxanephoto.com\/blog\/wp-json\/wp\/v2\/types\/post"}],"author":[{"embeddable":true,"href":"https:\/\/www.roxanephoto.com\/blog\/wp-json\/wp\/v2\/users\/4"}],"replies":[{"embeddable":true,"href":"https:\/\/www.roxanephoto.com\/blog\/wp-json\/wp\/v2\/comments?post=192"}],"version-history":[{"count":2,"href":"https:\/\/www.roxanephoto.com\/blog\/wp-json\/wp\/v2\/posts\/192\/revisions"}],"predecessor-version":[{"id":840,"href":"https:\/\/www.roxanephoto.com\/blog\/wp-json\/wp\/v2\/posts\/192\/revisions\/840"}],"wp:attachment":[{"href":"https:\/\/www.roxanephoto.com\/blog\/wp-json\/wp\/v2\/media?parent=192"}],"wp:term":[{"taxonomy":"category","embeddable":true,"href":"https:\/\/www.roxanephoto.com\/blog\/wp-json\/wp\/v2\/categories?post=192"},{"taxonomy":"post_tag","embeddable":true,"href":"https:\/\/www.roxanephoto.com\/blog\/wp-json\/wp\/v2\/tags?post=192"}],"curies":[{"name":"wp","href":"https:\/\/api.w.org\/{rel}","templated":true}]}}