{"id":217,"date":"2002-07-16T18:41:00","date_gmt":"2002-07-16T17:41:00","guid":{"rendered":"http:\/\/www.roxanephoto.com\/blog\/2002\/07\/16\/kars\/"},"modified":"2008-12-12T12:50:24","modified_gmt":"2008-12-12T11:50:24","slug":"kars","status":"publish","type":"post","link":"https:\/\/www.roxanephoto.com\/blog\/2002\/07\/kars\/","title":{"rendered":"Kars"},"content":{"rendered":"<div style=\"text-align: justify;\">Trois heures de car pour faire 130 km. Le record. En plus, \u00e0 l&rsquo;arriv\u00e9e, orage et grosse pluie, une inondation monstre dans Kars, les rues envahies par l&rsquo;eau, les passants avec de l&rsquo;eau jusqu&rsquo;aux genoux et le taxi qui doit naviguer, c&rsquo;est le cas de le dire, jusqu&rsquo;\u00e0 l&rsquo;h\u00f4tel.<\/div>\n<p><\/p>\n<p style=\"text-align: justify;\">La r\u00e9gion semble d&rsquo;ailleurs tr\u00e8s pluvieuse. En plein juillet, les bl\u00e9s ne sont pas m\u00fbrs, et ils en sont encore \u00e0 faucher les pr\u00e9s. Comme \u00e0 Bitlis, beaucoup de petits chevaux, noirs ou bais. Mais les villes ici sont tristes, aust\u00e8res. Si c&rsquo;est \u00e7a l&rsquo;Arm\u00e9nie, on se demande pourquoi les Kurdes revendiquent un tel pays quand ils ont des villes comme Urfa, Hasankeyf, Diyarbakir. Rino pr\u00e9tend d&rsquo;ailleurs que Kars, c&rsquo;est plus la G\u00e9orgie que l&rsquo;Arm\u00e9nie. N&#8217;emp\u00eache qu&rsquo;il y eut un gouvernement arm\u00e9nien \u00e0 Kars dans les ann\u00e9es 20, qui en repr\u00e9sailles des grands massacres tua beaucoup de Kurdes si bien que les Kurdes de Kars demanderent \u00e0 la SDN de les rattacher \u00e0 la r\u00e9publique turque.<\/p>\n<div style=\"text-align: justify;\">Le principal int\u00e9r\u00eat de Kars, c&rsquo;est Ani, la ville aux cent et une \u00e9glises, comme la vantent tous les tours&#8230; en omettant de pr\u00e9ciser qu&rsquo;\u00e9tant sur la frontiere arm\u00e9no-turque, et donc en pleine zone militaire, il est interdit de photographier la plupart des monuments et tout se fait sous contr\u00f4le militaire. De toutes fa\u00e7ons vu le temps gris, Roxane ne veut faire aucune photo. C&rsquo;est la sup\u00e9riorit\u00e9 des peintres sur les photographes, eux peuvent repr\u00e9senter la beaut\u00e9 d&rsquo;un paysage gris&#8230; Comment font les photographes quand ils veulent photographier la pluie ?<\/div>\n<p><\/p>\n<p style=\"text-align: justify;\">Bref, demain, retour sur Istanbul.<\/p>\n","protected":false},"excerpt":{"rendered":"<p>Trois heures de car pour faire 130 km. Le record. En plus, \u00e0 l&rsquo;arriv\u00e9e, orage et grosse pluie, une inondation monstre dans Kars, les rues envahies par l&rsquo;eau, les passants avec de l&rsquo;eau jusqu&rsquo;aux genoux et le taxi qui doit &hellip; <a href=\"https:\/\/www.roxanephoto.com\/blog\/2002\/07\/kars\/\">Continuer la lecture <span class=\"meta-nav\">&rarr;<\/span><\/a><\/p>\n","protected":false},"author":4,"featured_media":0,"comment_status":"open","ping_status":"open","sticky":false,"template":"","format":"standard","meta":[],"categories":[114,9],"tags":[],"_links":{"self":[{"href":"https:\/\/www.roxanephoto.com\/blog\/wp-json\/wp\/v2\/posts\/217"}],"collection":[{"href":"https:\/\/www.roxanephoto.com\/blog\/wp-json\/wp\/v2\/posts"}],"about":[{"href":"https:\/\/www.roxanephoto.com\/blog\/wp-json\/wp\/v2\/types\/post"}],"author":[{"embeddable":true,"href":"https:\/\/www.roxanephoto.com\/blog\/wp-json\/wp\/v2\/users\/4"}],"replies":[{"embeddable":true,"href":"https:\/\/www.roxanephoto.com\/blog\/wp-json\/wp\/v2\/comments?post=217"}],"version-history":[{"count":3,"href":"https:\/\/www.roxanephoto.com\/blog\/wp-json\/wp\/v2\/posts\/217\/revisions"}],"predecessor-version":[{"id":919,"href":"https:\/\/www.roxanephoto.com\/blog\/wp-json\/wp\/v2\/posts\/217\/revisions\/919"}],"wp:attachment":[{"href":"https:\/\/www.roxanephoto.com\/blog\/wp-json\/wp\/v2\/media?parent=217"}],"wp:term":[{"taxonomy":"category","embeddable":true,"href":"https:\/\/www.roxanephoto.com\/blog\/wp-json\/wp\/v2\/categories?post=217"},{"taxonomy":"post_tag","embeddable":true,"href":"https:\/\/www.roxanephoto.com\/blog\/wp-json\/wp\/v2\/tags?post=217"}],"curies":[{"name":"wp","href":"https:\/\/api.w.org\/{rel}","templated":true}]}}