{"id":219,"date":"2002-07-18T13:57:00","date_gmt":"2002-07-18T12:57:00","guid":{"rendered":"http:\/\/www.roxanephoto.com\/blog\/2002\/07\/18\/pkk\/"},"modified":"2008-12-12T12:53:26","modified_gmt":"2008-12-12T11:53:26","slug":"pkk","status":"publish","type":"post","link":"https:\/\/www.roxanephoto.com\/blog\/2002\/07\/pkk\/","title":{"rendered":"PKK"},"content":{"rendered":"<div style=\"text-align: justify;\">Retour en avion normal, c&rsquo;est-\u00e0-dire que j&rsquo;ai sid\u00e9r\u00e9 le serveur du buffet \u00e0 l&rsquo;a\u00e9roport de Kars en lui demandant un whisky \u00e0 11 heures du mat. S&rsquo;il m&rsquo;avait fait le coup du petit cr\u00e9tin de Cizre je lui aurais d\u00e9fonc\u00e9 le cr\u00e2ne. Roxane sait que je ne suis pas d&rsquo;humeur tr\u00e8s zen quand je prend l&rsquo;avion. J&rsquo;ai donc pass\u00e9 deux heures 30 cramponn\u00e9e \u00e0 mon siege en maudissant jusqu&rsquo;\u00e0 la dixieme g\u00e9n\u00e9ration tous ceux qui m&rsquo;envoient dans des pays o\u00f9 il faut se rendre en avion. Dire qu&rsquo;il y avait un temps o\u00f9 l&rsquo;on ne voyageait qu&rsquo;en bateau&#8230; M\u00eame le Titanic, je pr\u00e9f\u00e8re&#8230;<\/div>\n<p><\/p>\n<div style=\"text-align: justify;\">Maintenant Istanbul. Tr\u00e8s chaud, tr\u00e8s lourd, moite, plus p\u00e9nible qu&rsquo;\u00e0 Cizre, finalement. Bakhtiar s&rsquo;est tir\u00e9 en Europe, je l&rsquo;ai appris \u00e0 demi-mots par sa famille. Vlad est tr\u00e8s tr\u00e8s maqu\u00e9 mais pas abattu du tout. \u00c7a a l&rsquo;air d&rsquo;\u00eatre un sacr\u00e9 nid de frelons la politique ici. Si les jeunes se tirent, ils ne vont plus durer tr\u00e8s longtemps. Cela me rappelle tout \u00e0 fait les d\u00e9buts de l&rsquo;h\u00e9morragie en 1999, quand le PKK a commenc\u00e9 de se barrer en couilles. M\u00eame symptomes : d\u00e9composition, affrontements, affolement, directives aussi mena\u00e7antes que contradictoires. D&rsquo;ailleurs ce parti fait si peu peur aux Turcs \u00e0 pr\u00e9sent, que des Kurdes d&rsquo;Istanbul, bien assimil\u00e9s et tr\u00e8s \u00e9loign\u00e9s de la lutte, vous parlent tranquillement d&rsquo;un parent, qui est en Europe, \u00e0 Medya TV, et ce dans des lieux publics, un bistro sur Istiklal par exemple. Il y a une \u00e9poque o\u00f9 on ne se l&rsquo;avouait m\u00eame pas entre membres d&rsquo;une m\u00eame famille. Aujourd&rsquo;hui cela n&rsquo;a rien d&rsquo;un secret dangereux, c&rsquo;est comme si on parlait de l&rsquo;original de la famille, d&rsquo;un exotisme charmant&#8230;<\/div>\n<p><\/p>\n<div style=\"text-align: justify;\">Il est vrai qu&rsquo;on a peu d&rsquo;exemple historique d&rsquo;un parti qui se soit vendu \u00e0 ce point, en baissant autant les ench\u00e8res. L&rsquo;id\u00e9ologie tombe d&rsquo;elle-m\u00eame, ne laissant aucun souvenir. Les cadres ? Ils rentrent dans la vie civile, ils font des affaires (du moins pour les plus dou\u00e9s ou les plus mafieux), la plupart v\u00e9g\u00e8tent. En tant qu&rsquo;anciens combattants, ils ont d&rsquo;ailleurs peu de faits glorieux \u00e0 raconter \u00e0 la post\u00e9rit\u00e9. Quelque chose entre \u00ab\u00a0Comment nous avons \u00e9t\u00e9 trahis\u00a0\u00bb et \u00ab\u00a0Comment nous avons trahi\u00a0\u00bb.<\/div>\n","protected":false},"excerpt":{"rendered":"<p>Retour en avion normal, c&rsquo;est-\u00e0-dire que j&rsquo;ai sid\u00e9r\u00e9 le serveur du buffet \u00e0 l&rsquo;a\u00e9roport de Kars en lui demandant un whisky \u00e0 11 heures du mat. S&rsquo;il m&rsquo;avait fait le coup du petit cr\u00e9tin de Cizre je lui aurais d\u00e9fonc\u00e9 &hellip; <a href=\"https:\/\/www.roxanephoto.com\/blog\/2002\/07\/pkk\/\">Continuer la lecture <span class=\"meta-nav\">&rarr;<\/span><\/a><\/p>\n","protected":false},"author":4,"featured_media":0,"comment_status":"open","ping_status":"open","sticky":false,"template":"","format":"standard","meta":[],"categories":[36,114,9],"tags":[6],"_links":{"self":[{"href":"https:\/\/www.roxanephoto.com\/blog\/wp-json\/wp\/v2\/posts\/219"}],"collection":[{"href":"https:\/\/www.roxanephoto.com\/blog\/wp-json\/wp\/v2\/posts"}],"about":[{"href":"https:\/\/www.roxanephoto.com\/blog\/wp-json\/wp\/v2\/types\/post"}],"author":[{"embeddable":true,"href":"https:\/\/www.roxanephoto.com\/blog\/wp-json\/wp\/v2\/users\/4"}],"replies":[{"embeddable":true,"href":"https:\/\/www.roxanephoto.com\/blog\/wp-json\/wp\/v2\/comments?post=219"}],"version-history":[{"count":3,"href":"https:\/\/www.roxanephoto.com\/blog\/wp-json\/wp\/v2\/posts\/219\/revisions"}],"predecessor-version":[{"id":922,"href":"https:\/\/www.roxanephoto.com\/blog\/wp-json\/wp\/v2\/posts\/219\/revisions\/922"}],"wp:attachment":[{"href":"https:\/\/www.roxanephoto.com\/blog\/wp-json\/wp\/v2\/media?parent=219"}],"wp:term":[{"taxonomy":"category","embeddable":true,"href":"https:\/\/www.roxanephoto.com\/blog\/wp-json\/wp\/v2\/categories?post=219"},{"taxonomy":"post_tag","embeddable":true,"href":"https:\/\/www.roxanephoto.com\/blog\/wp-json\/wp\/v2\/tags?post=219"}],"curies":[{"name":"wp","href":"https:\/\/api.w.org\/{rel}","templated":true}]}}