{"id":223,"date":"2002-07-21T10:54:00","date_gmt":"2002-07-21T09:54:00","guid":{"rendered":"http:\/\/www.roxanephoto.com\/blog\/2002\/07\/21\/musee-archeologique\/"},"modified":"2008-12-12T14:41:18","modified_gmt":"2008-12-12T13:41:18","slug":"musee-archeologique","status":"publish","type":"post","link":"https:\/\/www.roxanephoto.com\/blog\/2002\/07\/musee-archeologique\/","title":{"rendered":"Mus\u00e9e arch\u00e9ologique"},"content":{"rendered":"<div style=\"text-align: justify;\">Notre emploi du temps \u00e0 Istanbul tra\u00eene paresseusement. Lever tard, vers neuf heures, on se retrouve vers 11 heures \u00e0 la pasta Barcelona o\u00f9 je mange une pizza et Roxane deux pogha\u00e7a. Plus pas mal de nescaf\u00e9 au lait, il est bon ici, autant en profiter. Ensuite, \u00e0 la librairie Robinson Cruso\u00e9 o\u00f9 l&rsquo;on trouve un nombre impressionnant de titres fran\u00e7ais et anglais. Je n&rsquo;y ai pas trouv\u00e9 le dernier Orhan Pamuk (je les ach\u00e8te presque toujours ici) mais pris un tr\u00e8s bon polar se passant dans la Rome de Sylla.\u00a0<\/div>\n<p><\/p>\n<div>\n<p style=\"text-align: justify;\">Ensuite, Ara Caf\u00e9. Il vient juste d&rsquo;ouvrir, en face du lyc\u00e9e de Galata Saray, juste \u00e0 c\u00f4t\u00e9 des PTT. Pas mal de boissons fra\u00eeches, des tables \u00e0 l&rsquo;ext\u00e9rieur, au milieu de verdure. Le quartier de Pera Galata regorge d&rsquo;endroits comme celui-ci, \u00e0 la fois branch\u00e9s et sympathiques (la combinaison de ces deux qualit\u00e9s ne se trouve jamais \u00e0 Paris). Apr\u00e8s les quelques communications t\u00e9l\u00e9phoniques d&rsquo;usage, on r\u00e8gle les t\u00e2ches du jour : gens \u00e0 voir, ou endroits.<\/p>\n<\/div>\n<div>\n<p style=\"text-align: justify;\"><img decoding=\"async\" loading=\"lazy\" class=\"alignleft size-medium wp-image-935\" title=\"Sapho\" src=\"http:\/\/www.roxanephoto.com\/blog\/wp-content\/uploads\/2008\/12\/musee1.jpg\" alt=\"\" width=\"201\" height=\"300\" \/>L\u00e0 nous avons pass\u00e9 toute l&rsquo;apr\u00e8s-midi au Mus\u00e9e arch\u00e9ologique, \u00e0 c\u00f4t\u00e9 de Topkapi Sarayi. Tr\u00e8s agr\u00e9able, bien fait, comme mus\u00e9e. Orient ancien, avec pas mal de vestiges assyro-babyloniens, et assez inattendu : de belles st\u00e8les de l&rsquo;Arabie et du Y\u00e9men antiques, tres int\u00e9ressantes par leur parent\u00e9 avec l&rsquo;art m\u00e9sopotamien.\u00a0<\/p>\n<\/div>\n<div>\n<div style=\"text-align: justify;\">Puis le pavillon des sculptures gr\u00e9co-romaines. Tr\u00e8s beaux marbres, il est vrai que nous sommes ici dans la seconde Rome. Une belle sculpture d&rsquo;Ath\u00e9na m&rsquo;a tap\u00e9 dans l&rsquo;oeil, une copie romaine en marbre, pas tr\u00e8s haute, peut-\u00eatre 1m20, d&rsquo;un original grec du 5\u00e8me siecle. Statue gracieuse, fine. Ici je donne un truc : pour obtenir quelque chose d&rsquo;un dieu grec, il faut lui toucher les genoux et le menton : aucune supplique ne peut alors \u00eatre refus\u00e9e par un Grec ancien ni par ses dieux. C&rsquo;\u00e9tait le geste qui obligeait par excellence.<\/div>\n<p>\u00a0<\/p>\n<div style=\"text-align: justify;\">Ensuite, des salles sur l&rsquo;histoire d&rsquo;Istanbul de la pr\u00e9histoire jusqu&rsquo;\u00e0 nos jours. Une reconstitution d&rsquo;habitat pal\u00e9olithique un peu caricaturale : une grotte \u00e0 auvent et une hutte \u00e0 branchages. Cela me rappelle irr\u00e9sistiblement les cahutes qui avaient \u00e9t\u00e9 reconstitu\u00e9es en juillet 2001 pour le Festival Culturel de Tunceli, cens\u00e9es repr\u00e9senter l&rsquo;habitat traditionnel montagnard du Dersim. Suleyman les avait montr\u00e9es d&rsquo;un geste emphatique en assurant que nulle part ailleurs au Kurdistan on ne trouvait cela. J&rsquo;avais failli lui dire que c&rsquo;\u00e9tait normal, ces intellos mani\u00e9r\u00e9s du Botan ayant entre-temps invent\u00e9 l&rsquo;architecture&#8230; mais maintenant je peux assurer les Dersimis qu&rsquo;\u00e0 Istanbul on en trouve encore sauf que les cabanes du Pal\u00e9olithique Sup\u00e9rieur stambouliot ont l&rsquo;air un peu mieux construites.<\/div>\n<p>\u00a0<\/p>\n<div style=\"text-align: justify;\"><img decoding=\"async\" loading=\"lazy\" class=\"alignleft size-medium wp-image-936\" title=\"Pera palas\" src=\"http:\/\/www.roxanephoto.com\/blog\/wp-content\/uploads\/2008\/12\/perapalasbar01.jpg\" alt=\"\" width=\"300\" height=\"201\" \/>Le soir, repas de poissons \u00e0 Karak\u00f6y.\u00a0<\/div>\n<p><\/p>\n<p style=\"text-align: justify;\">Puis dernier verre au bar du Pera Palas, son fantastique d\u00e9cor ann\u00e9es 30, ses grands fauteuils confortables.\u00a0<\/p>\n<\/div>\n<div>\n<div style=\"text-align: justify;\">Aujourd&rsquo;hui, c&rsquo;est pour moi le dernier jour. Je me demande combien il fait \u00e0 Paris. S\u00fbrement un peu plus frais. Ici c&rsquo;est toujours 31 mais avec une humidit\u00e9 et une touffeur presque insupportables.<\/div>\n<\/div>\n","protected":false},"excerpt":{"rendered":"<p>Notre emploi du temps \u00e0 Istanbul tra\u00eene paresseusement. Lever tard, vers neuf heures, on se retrouve vers 11 heures \u00e0 la pasta Barcelona o\u00f9 je mange une pizza et Roxane deux pogha\u00e7a. Plus pas mal de nescaf\u00e9 au lait, il &hellip; <a href=\"https:\/\/www.roxanephoto.com\/blog\/2002\/07\/musee-archeologique\/\">Continuer la lecture <span class=\"meta-nav\">&rarr;<\/span><\/a><\/p>\n","protected":false},"author":4,"featured_media":0,"comment_status":"open","ping_status":"open","sticky":false,"template":"","format":"standard","meta":[],"categories":[36,10,9],"tags":[115,117],"_links":{"self":[{"href":"https:\/\/www.roxanephoto.com\/blog\/wp-json\/wp\/v2\/posts\/223"}],"collection":[{"href":"https:\/\/www.roxanephoto.com\/blog\/wp-json\/wp\/v2\/posts"}],"about":[{"href":"https:\/\/www.roxanephoto.com\/blog\/wp-json\/wp\/v2\/types\/post"}],"author":[{"embeddable":true,"href":"https:\/\/www.roxanephoto.com\/blog\/wp-json\/wp\/v2\/users\/4"}],"replies":[{"embeddable":true,"href":"https:\/\/www.roxanephoto.com\/blog\/wp-json\/wp\/v2\/comments?post=223"}],"version-history":[{"count":6,"href":"https:\/\/www.roxanephoto.com\/blog\/wp-json\/wp\/v2\/posts\/223\/revisions"}],"predecessor-version":[{"id":940,"href":"https:\/\/www.roxanephoto.com\/blog\/wp-json\/wp\/v2\/posts\/223\/revisions\/940"}],"wp:attachment":[{"href":"https:\/\/www.roxanephoto.com\/blog\/wp-json\/wp\/v2\/media?parent=223"}],"wp:term":[{"taxonomy":"category","embeddable":true,"href":"https:\/\/www.roxanephoto.com\/blog\/wp-json\/wp\/v2\/categories?post=223"},{"taxonomy":"post_tag","embeddable":true,"href":"https:\/\/www.roxanephoto.com\/blog\/wp-json\/wp\/v2\/tags?post=223"}],"curies":[{"name":"wp","href":"https:\/\/api.w.org\/{rel}","templated":true}]}}