{"id":288,"date":"2003-07-05T17:17:00","date_gmt":"2003-07-05T16:17:00","guid":{"rendered":"http:\/\/www.roxanephoto.com\/blog\/2003\/07\/05\/miniaturk-et-mosquees-de-sinan\/"},"modified":"2009-01-07T07:29:07","modified_gmt":"2009-01-07T06:29:07","slug":"miniaturk-et-mosquees-de-sinan","status":"publish","type":"post","link":"https:\/\/www.roxanephoto.com\/blog\/2003\/07\/miniaturk-et-mosquees-de-sinan\/","title":{"rendered":"Miniaturk et mosqu\u00e9es de Sinan"},"content":{"rendered":"<div style=\"text-align: justify;\">En descendant a la r\u00e9ception, le g\u00e9rant me demande si j&rsquo;ai trouv\u00e9 Miniaturk : pas encore cherch\u00e9, mais sa localisation exacte semble m\u00eame poser un probleme a Murat qui se d\u00e9brouille pourtant toujours pour d\u00e9nicher ce que je lui demande.<\/div>\n<p><\/p>\n<div>\n<p style=\"text-align: justify;\"><img decoding=\"async\" loading=\"lazy\" class=\"alignleft size-medium wp-image-1259\" title=\"miniaturk\" src=\"http:\/\/www.roxanephoto.com\/blog\/wp-content\/uploads\/2009\/01\/miniaturkentree01.jpg\" alt=\"\" width=\"350\" height=\"233\" \/>Le patron se propose gentiment pour me servir de chauffeur : \u00e7a doit \u00eatre pres d&rsquo;Eyup, on cherchera sur place. J&rsquo;avais pr\u00e9vu autre chose pour la journ\u00e9e, mais comme il attend dans sa voiture gar\u00e9e a l&rsquo;ombre&#8230;<\/p>\n<\/div>\n<p style=\"text-align: justify;\">C&rsquo;est en effet un peu plus bas que le cimetiere ou est le caf\u00e9 Pierre Loti : le complexe bien voyant (rouge, orange, bleu) qui participe a d\u00e9figurer la vue sur la Corne d&rsquo;or&#8230;<\/p>\n<div>\n<p>\u00a0<\/p><\/div>\n<div style=\"text-align: justify;\">Il faut \u00eatre completement chtarb\u00e9e pour aller visiter \u00e7a en plein soleil (c&rsquo;est tout neuf, donc pas encore de v\u00e9g\u00e9tation pour dispenser un peu d&rsquo;ombre), a 1 h de l&rsquo;apres-midi ! Mais, comme les touristes arrivent de plus en plus nombreux, finalement, ce n&rsquo;est pas plus mal pour les photos.<\/div>\n<p><\/p>\n<div style=\"text-align: justify;\">Je ne m&rsquo;attendais pas a des merveilles : \u00e7a tombe bien, ce n&rsquo;en est pas. Par contre, les maquettes de certains monuments, en r\u00e9el coinc\u00e9s entre des immeubles pas toujours g\u00e9niaux, sont int\u00e9ressantes pour avoir une vue d&rsquo;ensemble de l&rsquo;architecture.<\/div>\n<div>\n<p style=\"text-align: justify;\">Donc, je photographie dans l&rsquo;ordre et en notant tout bien au d\u00e9but :<\/p>\n<\/div>\n<ul>\n<li>\n<div>Mevlana t\u00fcrbesi &#8211; Konya &#8211; 1274\u00a0<\/div>\n<\/li>\n<li>\n<div>Zeyrek camii &#8211; Istanbul &#8211; 1125\u00a0<\/div>\n<\/li>\n<li>\n<div>Eglise Saint Antoine &#8211; Istanbul &#8211; 1906\u00a0<\/div>\n<\/li>\n<li>\n<div>Kariye m\u00fczesi &#8211; Istanbul &#8211; 1321\u00a0<\/div>\n<\/li>\n<li>\n<div>Ahrida sinagogu &#8211; Istanbul &#8211; 15YY\u00a0<\/div>\n<\/li>\n<li>\n<div>U\u00e7\u00fcncu Ahmet Cesmesi &#8211; Istanbul &#8211; 1728\u00a0<\/div>\n<\/li>\n<li>\n<div>Aya Irini &#8211; Istanbul &#8211; 6YY\u00a0<\/div>\n<\/li>\n<li>\n<div>Hakesi H\u00fcrrem hamami &#8211; Istanbul &#8211; 1553\u00a0<\/div>\n<\/li>\n<li>\n<div>Beylerbeyi sarayi &#8211; Istanbul &#8211; 1861- 65\u00a0<\/div>\n<\/li>\n<li>\n<div>Mimar Sinan t\u00fcrbesi &#8211; Istanbul &#8211; 1588<\/div>\n<\/li>\n<\/ul>\n<p><\/p>\n<div>\n<p><img decoding=\"async\" loading=\"lazy\" class=\"alignnone size-medium wp-image-1260\" title=\"pamukkale\" src=\"http:\/\/www.roxanephoto.com\/blog\/wp-content\/uploads\/2009\/01\/pamukkale01.jpg\" alt=\"\" width=\"232\" height=\"350\" \/>\u00a0<\/div>\n<ul>\n<li>\n<div>Le calcaire de Pamukkale<\/div>\n<\/li>\n<\/ul>\n<p><\/p>\n<p align=\"justify\"><img decoding=\"async\" loading=\"lazy\" class=\"alignnone size-medium wp-image-1261\" title=\"kayseri\" src=\"http:\/\/www.roxanephoto.com\/blog\/wp-content\/uploads\/2009\/01\/kayseri01.jpg\" alt=\"\" width=\"232\" height=\"350\" \/>\u00a0<\/p>\n<ul>\n<li>\n<div>Doner K\u00fcmbet &#8211; Kayseri &#8211; 1276 (pas vu la-bas ou alors la maquette est beaucoup plus jolie que le monument original)\u00a0<\/div>\n<\/li>\n<li>\n<div>Aspendos &#8211; Antalya\u00a0<\/div>\n<\/li>\n<li>\n<div>Efes Celsus k\u00fct\u00fcphanesi &#8211; Izmir &#8211; 115<\/div>\n<\/li>\n<\/ul>\n<p><\/p>\n<div>\n<p><img decoding=\"async\" loading=\"lazy\" class=\"alignnone size-medium wp-image-1262\" title=\"kudus\" src=\"http:\/\/www.roxanephoto.com\/blog\/wp-content\/uploads\/2009\/01\/kudus01.jpg\" alt=\"\" width=\"350\" height=\"235\" \/>\u00a0<\/div>\n<ul>\n<li>\n<div>Kubbet \u00fcs sahra &#8211; Kud\u00fcs &#8211; 690 &#8211; 692 (jolie construction bleue surmont\u00e9e d&rsquo;un d\u00f4me dor\u00e9 qui donne envie d&rsquo;aller photographier l&rsquo;original)\u00a0<\/div>\n<\/li>\n<li>\n<div>Sultan S\u00fcleyman surlari sam kapisi &#8211; Kud\u00fcs (Kouduch) &#8211; 1542<\/div>\n<\/li>\n<\/ul>\n<p><\/p>\n<div>\n<p style=\"text-align: justify;\"><img decoding=\"async\" loading=\"lazy\" class=\"alignleft size-medium wp-image-1263\" title=\"mardin\" src=\"http:\/\/www.roxanephoto.com\/blog\/wp-content\/uploads\/2009\/01\/mardin02.jpg\" alt=\"\" width=\"350\" height=\"232\" \/>La manoeuvre sous le soleil s&rsquo;av\u00e9rant de plus en plus p\u00e9nible (je suis rouge \u00e9carlate et les appareils sentent le plastique cram\u00e9), je termine au pas de course les monuments stambouliotes que j&rsquo;ai d\u00e9ja en r\u00e9el et les monuments du Sud-Est, dont Erzurum et Divrigi. Il y a une reconstitution de Mardin, sans les horreurs en pr\u00e9fa d\u00e9sagr\u00e9g\u00e9 qui d\u00e9figurent la ville blanche, mais ni le Nemrut dagi, ni Ishak pacha&#8230;<\/p>\n<\/div>\n<div>\n<p>\u00a0<\/p><\/div>\n<div style=\"text-align: justify;\"><img decoding=\"async\" loading=\"lazy\" class=\"alignleft size-medium wp-image-1264\" title=\"suleymaniye\" src=\"http:\/\/www.roxanephoto.com\/blog\/wp-content\/uploads\/2009\/01\/suleymaniyecamii01.jpg\" alt=\"\" width=\"350\" height=\"235\" \/>Taxi jusqu&rsquo;a la S\u00fcleymaniye : 8 millions. Le chauffeur a bien \u00e9videmment fait un d\u00e9tour parfaitement inutile et n&rsquo;a retrouv\u00e9 la bonne direction qu&rsquo;une fois que j&rsquo;ai commenc\u00e9 a r\u00e2ler.<\/div>\n<div>\n<p>\u00a0<\/p><\/div>\n<div style=\"text-align: justify;\">D\u00e9jeuner devant la belle (eau, coca, riz, kofte, nescaf\u00e9 : 8 millions) qui serait la plus grande mosqu\u00e9e de la ville. Elle en est incontestablement la plus magnifique. Construite par Sinan a partir de 1550, sa situation sur la 3e colline du vieux Stamboul offre en plus une jolie vue sur la Corne d&rsquo;or, Pera, Galata et le Bosphore.<\/div>\n<p><\/p>\n<div style=\"text-align: justify;\"><img decoding=\"async\" loading=\"lazy\" class=\"alignleft size-medium wp-image-1265\" title=\"rustem pasa\" src=\"http:\/\/www.roxanephoto.com\/blog\/wp-content\/uploads\/2009\/01\/rustempacha01.jpg\" alt=\"\" width=\"235\" height=\"350\" \/>En repartant, arr\u00eat a la mosqu\u00e9e de R\u00fcstem pasa (1561) pour quelques photos suppl\u00e9mentaires de certaines de ses faiences d&rsquo;Iznik, sous une meilleure lumiere que la derniere fois, avant d&rsquo;aller a la Nieme invitation de la semaine&#8230;<\/div>\n<div>\n<p>\u00a0<\/p><\/div>\n","protected":false},"excerpt":{"rendered":"<p>En descendant a la r\u00e9ception, le g\u00e9rant me demande si j&rsquo;ai trouv\u00e9 Miniaturk : pas encore cherch\u00e9, mais sa localisation exacte semble m\u00eame poser un probleme a Murat qui se d\u00e9brouille pourtant toujours pour d\u00e9nicher ce que je lui demande. &hellip; <a href=\"https:\/\/www.roxanephoto.com\/blog\/2003\/07\/miniaturk-et-mosquees-de-sinan\/\">Continuer la lecture <span class=\"meta-nav\">&rarr;<\/span><\/a><\/p>\n","protected":false},"author":1,"featured_media":0,"comment_status":"open","ping_status":"open","sticky":false,"template":"","format":"standard","meta":[],"categories":[36,10,9],"tags":[172,163,61],"_links":{"self":[{"href":"https:\/\/www.roxanephoto.com\/blog\/wp-json\/wp\/v2\/posts\/288"}],"collection":[{"href":"https:\/\/www.roxanephoto.com\/blog\/wp-json\/wp\/v2\/posts"}],"about":[{"href":"https:\/\/www.roxanephoto.com\/blog\/wp-json\/wp\/v2\/types\/post"}],"author":[{"embeddable":true,"href":"https:\/\/www.roxanephoto.com\/blog\/wp-json\/wp\/v2\/users\/1"}],"replies":[{"embeddable":true,"href":"https:\/\/www.roxanephoto.com\/blog\/wp-json\/wp\/v2\/comments?post=288"}],"version-history":[{"count":3,"href":"https:\/\/www.roxanephoto.com\/blog\/wp-json\/wp\/v2\/posts\/288\/revisions"}],"predecessor-version":[{"id":1258,"href":"https:\/\/www.roxanephoto.com\/blog\/wp-json\/wp\/v2\/posts\/288\/revisions\/1258"}],"wp:attachment":[{"href":"https:\/\/www.roxanephoto.com\/blog\/wp-json\/wp\/v2\/media?parent=288"}],"wp:term":[{"taxonomy":"category","embeddable":true,"href":"https:\/\/www.roxanephoto.com\/blog\/wp-json\/wp\/v2\/categories?post=288"},{"taxonomy":"post_tag","embeddable":true,"href":"https:\/\/www.roxanephoto.com\/blog\/wp-json\/wp\/v2\/tags?post=288"}],"curies":[{"name":"wp","href":"https:\/\/api.w.org\/{rel}","templated":true}]}}