{"id":304,"date":"2003-11-29T19:06:00","date_gmt":"2003-11-29T18:06:00","guid":{"rendered":"http:\/\/www.roxanephoto.com\/blog\/2003\/11\/29\/attentats\/"},"modified":"2009-01-07T08:27:37","modified_gmt":"2009-01-07T07:27:37","slug":"attentats","status":"publish","type":"post","link":"https:\/\/www.roxanephoto.com\/blog\/2003\/11\/attentats\/","title":{"rendered":"Attentats"},"content":{"rendered":"<div style=\"text-align: justify;\">Evidemment en 2 jours, on a eu le temps d&rsquo;\u00e9voquer les attentats. Il y a eu visiblement pas mal d&rsquo;exag\u00e9ration dans les anecdotes de certains qui n&rsquo;ont pas \u00e9t\u00e9 touch\u00e9s, alors que ceux qui les ont subis ont beaucoup plus de pudeur pour en parler.<\/div>\n<p><\/p>\n<div>\n<p style=\"text-align: justify;\">La rue du consulat britannique est toujours interdite et l&rsquo;explosion a d\u00e9truit les deux petites maisons a l&rsquo;entr\u00e9e : le palais d&rsquo;Angleterre est maintenant visible. Je ne l&rsquo;avais pas photographi\u00e9 avant : comme la plupart des repr\u00e9sentations consulaires, ses b\u00e2timents \u00e9taient dissimul\u00e9s par des murs et en passant, vu le nombre de policiers qui \u00e9taient devant, je l&rsquo;avais pris pour un poste de police !<\/p>\n<\/div>\n<div>\n<p style=\"text-align: justify;\"><img decoding=\"async\" loading=\"lazy\" class=\"alignleft size-medium wp-image-1302\" title=\"immeuble\" src=\"http:\/\/www.roxanephoto.com\/blog\/wp-content\/uploads\/2009\/01\/.jpg\" alt=\"\" width=\"350\" height=\"237\" \/>Certains des immeubles autour sont partiellement d\u00e9truits et on est quelques uns a penser que le nombre de victimes est \u00ab\u00a0providentiellement\u00a0\u00bb bas quand on connait le quartier : la rue est compos\u00e9e d&rsquo;une multitude de petites boutiques ou travaillent beaucoup de monde et le march\u00e9 au poisson a \u00e9galement \u00e9t\u00e9 touch\u00e9&#8230; a 11 heures du matin.<\/p>\n<\/div>\n<div>\n<p>\u00a0<\/p><\/div>\n<div style=\"text-align: justify;\">Beaucoup de gens racontent avoir vu la camionnette qui circulait avec un pneu crev\u00e9 en se demandant pourquoi son conducteur continuait a rouler&#8230; Certains ont tout perdu ou presque dont l&rsquo;incontournable confiserie U\u00e7 Yildiz : heureusement, pas de perte humaine a d\u00e9plorer de leur c\u00f4t\u00e9&#8230; et le retard de l&rsquo;aide cuisinier de Gabi a \u00e9vit\u00e9 \u00e0 mon pote de faire le march\u00e9 du restaurant a ce moment la. Soeur Sofia est pass\u00e9e devant 10 mn avant et je n&rsquo;ai toujours pas de nouvelle de Kat&#8230;<\/div>\n<p><\/p>\n<div style=\"text-align: justify;\"><img decoding=\"async\" loading=\"lazy\" class=\"alignleft size-medium wp-image-1304\" title=\"cit\u00e9 P\u00e9ra\" src=\"http:\/\/www.roxanephoto.com\/blog\/wp-content\/uploads\/2009\/01\/citepera02.jpg\" alt=\"\" width=\"237\" height=\"350\" \/>A part \u00e7a aujourd&rsquo;hui il faisait beau et Istiklal avait son lot de promeneurs habituel. Le consulat g\u00e9n\u00e9ral de Grece s&rsquo;y est install\u00e9 en partie pour \u00e9viter de rester dans une rue accessible a la circulation, et les US ont d\u00e9m\u00e9nag\u00e9 leur consulat a Sariyer ou ils viennent d&rsquo;accuellir le personnel britannique. Le consulat de France est long\u00e9 par une petite rue qui est actuellement interdite a la circulation automobile et je suis pass\u00e9e devant le consulat g\u00e9n\u00e9ral du Japon et devant celui d&rsquo;Allemagne : les deux \u00e9taient ferm\u00e9s, mais c&rsquo;est samedi&#8230; (renseignements pris, \u00e7a a l&rsquo;air d\u00e9sert depuis plusieurs jours).<\/div>\n<div>\n<p>\u00a0<\/p><\/div>\n<div style=\"text-align: justify;\">Avec les mesures de s\u00e9curit\u00e9 qui ont \u00e9t\u00e9 prises pour prot\u00e9ger les \u00e9ventuelles cibles potentielles, les touristes peuvent \u00eatre rassur\u00e9s et venir profiter du quartier qui est l&rsquo;un des plus sympas de la ville&#8230; je que j&rsquo;ai bien l&rsquo;intention de faire !<\/div>\n","protected":false},"excerpt":{"rendered":"<p>Evidemment en 2 jours, on a eu le temps d&rsquo;\u00e9voquer les attentats. Il y a eu visiblement pas mal d&rsquo;exag\u00e9ration dans les anecdotes de certains qui n&rsquo;ont pas \u00e9t\u00e9 touch\u00e9s, alors que ceux qui les ont subis ont beaucoup plus &hellip; <a href=\"https:\/\/www.roxanephoto.com\/blog\/2003\/11\/attentats\/\">Continuer la lecture <span class=\"meta-nav\">&rarr;<\/span><\/a><\/p>\n","protected":false},"author":1,"featured_media":0,"comment_status":"open","ping_status":"open","sticky":false,"template":"","format":"standard","meta":[],"categories":[81,36,10,9],"tags":[136,178],"_links":{"self":[{"href":"https:\/\/www.roxanephoto.com\/blog\/wp-json\/wp\/v2\/posts\/304"}],"collection":[{"href":"https:\/\/www.roxanephoto.com\/blog\/wp-json\/wp\/v2\/posts"}],"about":[{"href":"https:\/\/www.roxanephoto.com\/blog\/wp-json\/wp\/v2\/types\/post"}],"author":[{"embeddable":true,"href":"https:\/\/www.roxanephoto.com\/blog\/wp-json\/wp\/v2\/users\/1"}],"replies":[{"embeddable":true,"href":"https:\/\/www.roxanephoto.com\/blog\/wp-json\/wp\/v2\/comments?post=304"}],"version-history":[{"count":3,"href":"https:\/\/www.roxanephoto.com\/blog\/wp-json\/wp\/v2\/posts\/304\/revisions"}],"predecessor-version":[{"id":1306,"href":"https:\/\/www.roxanephoto.com\/blog\/wp-json\/wp\/v2\/posts\/304\/revisions\/1306"}],"wp:attachment":[{"href":"https:\/\/www.roxanephoto.com\/blog\/wp-json\/wp\/v2\/media?parent=304"}],"wp:term":[{"taxonomy":"category","embeddable":true,"href":"https:\/\/www.roxanephoto.com\/blog\/wp-json\/wp\/v2\/categories?post=304"},{"taxonomy":"post_tag","embeddable":true,"href":"https:\/\/www.roxanephoto.com\/blog\/wp-json\/wp\/v2\/tags?post=304"}],"curies":[{"name":"wp","href":"https:\/\/api.w.org\/{rel}","templated":true}]}}