{"id":305,"date":"2003-11-30T16:23:00","date_gmt":"2003-11-30T15:23:00","guid":{"rendered":"http:\/\/www.roxanephoto.com\/blog\/2003\/11\/30\/bir-tane-portakal-suyu-lutfen\/"},"modified":"2011-02-12T15:37:44","modified_gmt":"2011-02-12T14:37:44","slug":"bir-tane-portakal-suyu-lutfen","status":"publish","type":"post","link":"https:\/\/www.roxanephoto.com\/blog\/2003\/11\/bir-tane-portakal-suyu-lutfen\/","title":{"rendered":"Bir tane portakal suyu l\u00fctfen !"},"content":{"rendered":"<div style=\"text-align: justify;\">\n<div id=\"attachment_3429\" style=\"width: 370px\" class=\"wp-caption alignleft\"><a href=\"http:\/\/www.istanbul-photos.com\/beyoglu\/karakoy\" target=\"_blank\"><img aria-describedby=\"caption-attachment-3429\" decoding=\"async\" loading=\"lazy\" class=\"size-large wp-image-3429 \" title=\"Photos Karak\u00f6y - Istanbul\" src=\"http:\/\/www.roxanephoto.com\/blog\/wp-content\/uploads\/2003\/11\/galata_604-600x401.jpg\" alt=\"Karak\u00f6y - Istanbul\" width=\"360\" height=\"241\" srcset=\"https:\/\/www.roxanephoto.com\/blog\/wp-content\/uploads\/2003\/11\/galata_604-600x401.jpg 600w, https:\/\/www.roxanephoto.com\/blog\/wp-content\/uploads\/2003\/11\/galata_604-500x334.jpg 500w, https:\/\/www.roxanephoto.com\/blog\/wp-content\/uploads\/2003\/11\/galata_604.jpg 604w\" sizes=\"(max-width: 360px) 100vw, 360px\" \/><\/a><p id=\"caption-attachment-3429\" class=\"wp-caption-text\">Karak\u00f6y - Istanbul<\/p><\/div>\n<p>Ca fait un bien fou de retrouver Istanbul et les Turcs (toutes ethnies confondues bien s\u00fbr).<\/p><\/div>\n<p>\u00a0<\/p>\n<div>\n<p style=\"text-align: justify;\">Les forums de la diaspora confondant allegrement nationalit\u00e9 et ethnie et rabachant a qui mieux mieux \u00ab\u00a0Nous sommes fiers d&rsquo;\u00eatre tous Turcs depuis 11 mill\u00e9naires\u00a0\u00bb (!!!) commen\u00e7aient franchement a me faire douter ! Rarement vu une telle arrogance aigrie, un tel m\u00e9pris sur fond de complexe d&rsquo;inf\u00e9riorit\u00e9 et de frustration&#8230; peuvent toujours d\u00e9blat\u00e9rer sur la diaspora arm\u00e9nienne !<\/p>\n<\/div>\n<div>\n<p style=\"text-align: justify;\">Bon, de toute fa\u00e7on j&rsquo;avais fini par me faire \u00ab\u00a0bannir\u00a0\u00bb tout \u00e7a parce que j&rsquo;avais os\u00e9 interdire qu&rsquo;on me pique mes photos sans autorisation et sans citer les sources, plut\u00f4t que de remercier humblement de l&rsquo;insigne honneur qui m&rsquo;\u00e9tait fait&#8230; Mais pour qui ils se prennent ces Ducons ??? Bon, c&rsquo;est vrai que j&rsquo;avais aussi un peu insinu\u00e9 qu&rsquo;il y avait encore du boulot avant que chaque citoyen turc puisse brailler de bon coeur \u00ab\u00a0Heureux celui qui peut se dire Turc\u00a0\u00bb.<\/p>\n<\/div>\n<div>\n<p style=\"text-align: justify;\">Enfin bref, ici ils n&rsquo;ont pas chang\u00e9 a part a l&rsquo;h\u00f4tel ou ils ne m&rsquo;attendent plus morts d&rsquo;inqui\u00e9tude quand je rentre a 3 heures du mat. Avec l&rsquo;habitude, ils patientent tranquillement : ne savent jamais quand, mais suffit d&rsquo;attendre et je finis toujours par revenir&#8230; entiere.<\/p>\n<\/div>\n<div>\n<p style=\"text-align: justify;\">Murat ne s&rsquo;angoisse plus non plus a l&rsquo;id\u00e9e que je vais louper le petit dej. Normalement, c&rsquo;est jusqu&rsquo;a 10 h 30, mais pas la peine de monter la garde jusqu&rsquo;a presque midi quand je risque de n&rsquo;\u00e9merger qu&rsquo;a 2 heures.<\/p>\n<\/div>\n<div>\n<p style=\"text-align: justify;\">Le niveau intellectuel moyen ne s&rsquo;est pas franchement am\u00e9lior\u00e9 : toujours aussi empress\u00e9s, mais la derniere fois que j&rsquo;ai command\u00e9 un club sandwich le serveur s&rsquo;est pr\u00e9cipit\u00e9 horrifi\u00e9 en se rendant compte qu&rsquo;il m&rsquo;avait donn\u00e9 la carte en turc. Il a fallu que je consulte celle en anglais pour confirmer \u00ab\u00a0club sandwich\u00a0\u00bb.<\/p>\n<\/div>\n<div>\n<p><img decoding=\"async\" loading=\"lazy\" class=\"alignnone size-medium wp-image-1299\" title=\"smile\" src=\"http:\/\/www.roxanephoto.com\/blog\/wp-content\/uploads\/2009\/01\/smile.gif\" alt=\"\" width=\"32\" height=\"32\" \/>\u00a0<\/p>\n<\/div>\n<div style=\"text-align: justify;\">Ce matin, j&rsquo;ai demand\u00e9 un portakal suyu, ce qui a paniqu\u00e9 le petit jeune de service qui a appel\u00e9 son chef au secours : une \u00e9trangere \u00e7a commande en anglais ! En turc, ils ne comprennent plus et ce n&rsquo;est pas mon turc qui est en cause sur ce coup la, vu que le chef m&rsquo;a bien fait servir un jus d&rsquo;orange.<\/div>\n<p>\u00a0<\/p>\n<div>\n<p style=\"text-align: justify;\">Tradition turque marrante : quand une fille veut se faire \u00e9pouser et que l&rsquo;\u00e9lu tarde a se d\u00e9clarer, elle lui sert un repas en vidant dedans la saliere. Et apres \u00e7a, elles s&rsquo;\u00e9tonnent que les mecs rechignent a se marier&#8230; Malgr\u00e9 les nombreuses demandes en mariage que j&rsquo;ai eu ici, \u00e7a ils n&rsquo;ont jamais os\u00e9 : quand ils cuisinent, ils ne font pas semblant et tenter de s\u00e9duire une fran\u00e7aise en sacageant la bouffe, ils voient mal&#8230; dans mon cas, ils voient d&rsquo;ailleurs mal m\u00eame sans le sel, mais sont mignons tout plein a continuer de chercher le mode d&#8217;emploi.<\/p>\n<\/div>\n","protected":false},"excerpt":{"rendered":"<p>Ca fait un bien fou de retrouver Istanbul et les Turcs (toutes ethnies confondues bien s\u00fbr). \u00a0 Les forums de la diaspora confondant allegrement nationalit\u00e9 et ethnie et rabachant a qui mieux mieux \u00ab\u00a0Nous sommes fiers d&rsquo;\u00eatre tous Turcs depuis &hellip; <a href=\"https:\/\/www.roxanephoto.com\/blog\/2003\/11\/bir-tane-portakal-suyu-lutfen\/\">Continuer la lecture <span class=\"meta-nav\">&rarr;<\/span><\/a><\/p>\n","protected":false},"author":1,"featured_media":0,"comment_status":"open","ping_status":"open","sticky":false,"template":"","format":"standard","meta":[],"categories":[36,10,9],"tags":[176,171],"_links":{"self":[{"href":"https:\/\/www.roxanephoto.com\/blog\/wp-json\/wp\/v2\/posts\/305"}],"collection":[{"href":"https:\/\/www.roxanephoto.com\/blog\/wp-json\/wp\/v2\/posts"}],"about":[{"href":"https:\/\/www.roxanephoto.com\/blog\/wp-json\/wp\/v2\/types\/post"}],"author":[{"embeddable":true,"href":"https:\/\/www.roxanephoto.com\/blog\/wp-json\/wp\/v2\/users\/1"}],"replies":[{"embeddable":true,"href":"https:\/\/www.roxanephoto.com\/blog\/wp-json\/wp\/v2\/comments?post=305"}],"version-history":[{"count":4,"href":"https:\/\/www.roxanephoto.com\/blog\/wp-json\/wp\/v2\/posts\/305\/revisions"}],"predecessor-version":[{"id":3430,"href":"https:\/\/www.roxanephoto.com\/blog\/wp-json\/wp\/v2\/posts\/305\/revisions\/3430"}],"wp:attachment":[{"href":"https:\/\/www.roxanephoto.com\/blog\/wp-json\/wp\/v2\/media?parent=305"}],"wp:term":[{"taxonomy":"category","embeddable":true,"href":"https:\/\/www.roxanephoto.com\/blog\/wp-json\/wp\/v2\/categories?post=305"},{"taxonomy":"post_tag","embeddable":true,"href":"https:\/\/www.roxanephoto.com\/blog\/wp-json\/wp\/v2\/tags?post=305"}],"curies":[{"name":"wp","href":"https:\/\/api.w.org\/{rel}","templated":true}]}}