{"id":320,"date":"2003-12-30T14:40:00","date_gmt":"2003-12-30T13:40:00","guid":{"rendered":"http:\/\/www.roxanephoto.com\/blog\/2003\/12\/30\/kuafor\/"},"modified":"2011-02-12T15:28:27","modified_gmt":"2011-02-12T14:28:27","slug":"kuafor","status":"publish","type":"post","link":"https:\/\/www.roxanephoto.com\/blog\/2003\/12\/kuafor\/","title":{"rendered":"Kuaf\u00f6r"},"content":{"rendered":"<div style=\"text-align: justify;\">J&rsquo;ai achet\u00e9 \u00ab\u00a0K\u00fc\u00e7\u00fck Prens\u00a0\u00bb de St Ex. en turc, avec les m\u00eames illustrations que quand j&rsquo;\u00e9tais petite&#8230; a premiere vue, je devrais pouvoir le lire dans quelques temps sans trop de difficult\u00e9s. Pour \u00ab\u00a0Istanbul\u00a0\u00bb de Orhan Pamuk, \u00e7a sera pour un peu plus tard, mais j&rsquo;ai craqu\u00e9 sur les vieilles photos malgr\u00e9 une qualit\u00e9 d&rsquo;impression d\u00e9plorable (mais bon, pour 10 millions&#8230;).<\/div>\n<p>\u00a0<\/p>\n<p style=\"text-align: justify;\">Je suis pass\u00e9e chez un coiffeur que j&rsquo;avais rep\u00e9r\u00e9 dans la rue du hammam de Galatasaray : ici, le coiffeur c&rsquo;est toujours une aventure ! D\u00e9ja, je commence par attendre 3\/4 d&rsquo;heure au lieu des 5 mn promises par le monsieur, mais c&rsquo;est vrai que les minutes turques sont toujours beaucoup plus longues que les minutes fran\u00e7aises. J&rsquo;en profite pour essayer de choisir une coupe dans le magazine qu&rsquo;on me tend a cet effet. Pas simple : j&rsquo;ai les cheveux d\u00e9ja beaucoup trop courts en arrivant pour r\u00e9aliser la plus courte des coupes propos\u00e9es&#8230;<\/p>\n<div style=\"text-align: justify;\">Au bac (il n&rsquo;y en a pas dans tous les salons), j&rsquo;ai droit a un lavage d\u00e9licat : douche \u00e9cossaise effectu\u00e9e tres d\u00e9licatement et qui comprend \u00e9videmment les cheveux, mais \u00e9galement les yeux et les \u00e9paules&#8230; Ensuite, ils sont l\u00e9gerement nerveux&#8230; trouvent plus la trousse avec les 2 paires de ciseaux : doit pas souvent servir, les femmes venant principalement pour se faire coiffer (dans le style des ann\u00e9es 70), manucurer, p\u00e9dicurer&#8230; pas couper les cheveux en tout cas.<\/div>\n<p>\u00a0<\/p>\n<div>\n<p style=\"text-align: justify;\">Le grand manitou du salon se lance enfin&#8230; il taille a grands coups de ciseaux a effiler qui coupent arbitrairement un cheveu sur 2, mais laissent la longueur intacte et donnent un r\u00e9sultat garanti miteux ! Ca craint tellement que je l&rsquo;arr\u00eate en pleine crise de cr\u00e9ation artistique et lui interdit l&rsquo;usage de sa piece de mus\u00e9e : YASAK !!! Ca sauve d&rsquo;\u00eatre fran\u00e7aise&#8230; et en cons\u00e9quence l&rsquo;arbitre du bon go\u00fbt ! Il termine la coupe avec les bons ciseaux et le bon peigne (pendant que j&rsquo;y \u00e9tais, j&rsquo;ai aussi impos\u00e9 le peigne)&#8230; pratiquement cheveu par cheveu de peur de se faire engueuler. C&rsquo;est un peu long, mais le r\u00e9sultat est tout a fait correct (7 millions : un peu plus de 4 \u20ac).<\/p>\n<\/div>\n<div>\n<p style=\"text-align: justify;\">Je suis pass\u00e9e par la tour de Galata pour photographier la plaque a la m\u00e9moire du pere de Jean Jacques Rousseau (qui date de 2000) et pour compl\u00e9ter ma collection de tugra (signature des sultans ottomans) : \u00e9videmment, comme sur beaucoup de monuments, elle a \u00e9t\u00e9 sacag\u00e9e a la cr\u00e9ation de la r\u00e9publique&#8230;<\/p>\n<\/div>\n<div>\n<p style=\"text-align: justify;\"><img decoding=\"async\" loading=\"lazy\" class=\"alignleft size-medium wp-image-1328\" title=\"yildiz\" src=\"http:\/\/www.roxanephoto.com\/blog\/wp-content\/uploads\/2009\/01\/yildiz_palaisyaverankosku01.jpg\" alt=\"\" width=\"350\" height=\"237\" \/>Puis, direction Yildiz ou le palais est toujours ferm\u00e9 aux visites ! En apprenant que je suis fran\u00e7aise, l&rsquo;un des gardiens ravi m&rsquo;apprend qu&rsquo;il habite pres de Pierre Loti et me conduit vers un pavillon ou tous les employ\u00e9s se pr\u00e9cipitent. Ils veulent ranger mon sac pour ne pas qu&rsquo;il m&rsquo;encombre (sur un radiateur : bonjour les pellicules !), discuter, prendre le th\u00e9&#8230;<\/p>\n<\/div>\n<div style=\"text-align: justify;\">Il faut attendre 13 h pour prendre des photos. Une jeune femme qui parle fran\u00e7ais me demande ce que je veux photographier et m&rsquo;imprime une liste de bouquins en anglais en me proposant de consulter tous ceux que je veux. La je commence a avoir un l\u00e9ger doute et lui explique que je veux photographier les kiosques du palais, pas lire&#8230; a 13 h.<\/div>\n<p>\u00a0<\/p>\n<div>\n<div id=\"attachment_3426\" style=\"width: 370px\" class=\"wp-caption alignleft\"><a href=\"http:\/\/www.istanbul-photos.com\/besiktas\/yildiz\" target=\"_blank\"><img aria-describedby=\"caption-attachment-3426\" decoding=\"async\" loading=\"lazy\" class=\"size-large wp-image-3426 \" title=\"Photos Yildiz Istanbul\" src=\"http:\/\/www.roxanephoto.com\/blog\/wp-content\/uploads\/2003\/12\/mosquee-hamidiye_604-600x402.jpg\" alt=\"Mosqu\u00e9e Hamidiye - Yildiz\" width=\"360\" height=\"241\" srcset=\"https:\/\/www.roxanephoto.com\/blog\/wp-content\/uploads\/2003\/12\/mosquee-hamidiye_604-600x402.jpg 600w, https:\/\/www.roxanephoto.com\/blog\/wp-content\/uploads\/2003\/12\/mosquee-hamidiye_604-500x335.jpg 500w, https:\/\/www.roxanephoto.com\/blog\/wp-content\/uploads\/2003\/12\/mosquee-hamidiye_604.jpg 604w\" sizes=\"(max-width: 360px) 100vw, 360px\" \/><\/a><p id=\"caption-attachment-3426\" class=\"wp-caption-text\">Mosqu\u00e9e Hamidiye - Yildiz<\/p><\/div>\n<p style=\"text-align: justify;\">En attendant, elle me propose une s\u00e9lection en fran\u00e7ais et comme \u00e7a a l&rsquo;air de la tracasser, je lui demande un livre sur l&rsquo;architecture ottomane. Elle m&rsquo;en apporte un vraiment g\u00e9nial de 1873&#8230; ce qui me permet de r\u00e9aliser que je suis dans un centre de recherche : l&rsquo;IRCICA qui s&rsquo;occupe de l&rsquo;histoire, de l&rsquo;art et de la culture islamiques. C&rsquo;est int\u00e9ressant, ils sont r\u00e9ellement accueillants, mais absolument pas qualifi\u00e9s pour me laisser photographier le palais&#8230; j&rsquo;abrege et prends quelques kiosques et quelques tugra avant de me faire jeter par l&rsquo;un des gardiens : c&rsquo;est ferm\u00e9 et les photos sont yasak.<\/p>\n<\/div>\n<div>\n<p style=\"text-align: justify;\">Le premier gardien a quand m\u00eame eu le temps de m&rsquo;apporter un th\u00e9 dans la cour avec son adresse (a Ey\u00fcp, donc a c\u00f4t\u00e9 du caf\u00e9 Pierre Loti, pas du lyc\u00e9e) et son num\u00e9ro de t\u00e9l\u00e9phone.<\/p>\n<\/div>\n","protected":false},"excerpt":{"rendered":"<p>J&rsquo;ai achet\u00e9 \u00ab\u00a0K\u00fc\u00e7\u00fck Prens\u00a0\u00bb de St Ex. en turc, avec les m\u00eames illustrations que quand j&rsquo;\u00e9tais petite&#8230; a premiere vue, je devrais pouvoir le lire dans quelques temps sans trop de difficult\u00e9s. Pour \u00ab\u00a0Istanbul\u00a0\u00bb de Orhan Pamuk, \u00e7a sera pour &hellip; <a href=\"https:\/\/www.roxanephoto.com\/blog\/2003\/12\/kuafor\/\">Continuer la lecture <span class=\"meta-nav\">&rarr;<\/span><\/a><\/p>\n","protected":false},"author":1,"featured_media":0,"comment_status":"open","ping_status":"open","sticky":false,"template":"","format":"standard","meta":[],"categories":[36,10,9],"tags":[152,149],"_links":{"self":[{"href":"https:\/\/www.roxanephoto.com\/blog\/wp-json\/wp\/v2\/posts\/320"}],"collection":[{"href":"https:\/\/www.roxanephoto.com\/blog\/wp-json\/wp\/v2\/posts"}],"about":[{"href":"https:\/\/www.roxanephoto.com\/blog\/wp-json\/wp\/v2\/types\/post"}],"author":[{"embeddable":true,"href":"https:\/\/www.roxanephoto.com\/blog\/wp-json\/wp\/v2\/users\/1"}],"replies":[{"embeddable":true,"href":"https:\/\/www.roxanephoto.com\/blog\/wp-json\/wp\/v2\/comments?post=320"}],"version-history":[{"count":6,"href":"https:\/\/www.roxanephoto.com\/blog\/wp-json\/wp\/v2\/posts\/320\/revisions"}],"predecessor-version":[{"id":1327,"href":"https:\/\/www.roxanephoto.com\/blog\/wp-json\/wp\/v2\/posts\/320\/revisions\/1327"}],"wp:attachment":[{"href":"https:\/\/www.roxanephoto.com\/blog\/wp-json\/wp\/v2\/media?parent=320"}],"wp:term":[{"taxonomy":"category","embeddable":true,"href":"https:\/\/www.roxanephoto.com\/blog\/wp-json\/wp\/v2\/categories?post=320"},{"taxonomy":"post_tag","embeddable":true,"href":"https:\/\/www.roxanephoto.com\/blog\/wp-json\/wp\/v2\/tags?post=320"}],"curies":[{"name":"wp","href":"https:\/\/api.w.org\/{rel}","templated":true}]}}