{"id":350,"date":"2004-09-08T12:14:00","date_gmt":"2004-09-08T11:14:00","guid":{"rendered":"http:\/\/www.roxanephoto.com\/blog\/2004\/09\/08\/news-11\/"},"modified":"2012-06-07T20:46:29","modified_gmt":"2012-06-07T19:46:29","slug":"news-11","status":"publish","type":"post","link":"https:\/\/www.roxanephoto.com\/blog\/2004\/09\/news-11\/","title":{"rendered":"News"},"content":{"rendered":"<div style=\"text-align: justify;\">Guenter Verheugen, commissaire europ\u00e9en a l&rsquo;\u00e9largissement, demande au gouvernement de faire des efforts pour r\u00e9duire la pauvret\u00e9 dans le Sud-est et aider les villageois a rentrer chez eux : pour une fois que l&rsquo;Europe \u00e9coute des revendications kurdes r\u00e9elles, autant le souligner ! C&rsquo;est toujours plus int\u00e9ressant que d&rsquo;apprendre par l&rsquo;AFP qu&rsquo;en visite a Tuzla, pres de Diyarbakir, le Monsieur a mang\u00e9 du pain local et bu de l&rsquo;ayran !?!<\/div>\n<div>\n<p style=\"text-align: justify;\">Pendant ce temps, le PKK toujours pas d&rsquo;accord avec les aspirations kurdes, continue les attentats dans la r\u00e9gion : la paix, c&rsquo;est mauvais pour les affaires&#8230; Enfin, une partie du PKK, vu qu&rsquo;il continue a se diviser, s&rsquo;auto-dissoudre, etc. Avec la bonne volont\u00e9 dont il fait preuve pour parachever son auto-destruction, on lui souhaite tout le succes qu&rsquo;il m\u00e9rite !<\/p>\n<\/div>\n<div>\n<p style=\"text-align: justify;\">C\u00f4t\u00e9 d\u00e9bat politique, l&rsquo;AKP argumente pour p\u00e9naliser l&rsquo;adultere. Sanction demand\u00e9e : 3 ans de prison ! Ca doit \u00eatre pour relancer l&#8217;emploi par une politique de grands travaux, parce que pour mettre tous les coupables derriere les barreaux, va falloir songer s\u00e9rieusement a construire de tres vastes centres de d\u00e9tention&#8230; va y avoir du boulot !!!<\/p>\n<\/div>\n","protected":false},"excerpt":{"rendered":"<p>Guenter Verheugen, commissaire europ\u00e9en a l&rsquo;\u00e9largissement, demande au gouvernement de faire des efforts pour r\u00e9duire la pauvret\u00e9 dans le Sud-est et aider les villageois a rentrer chez eux : pour une fois que l&rsquo;Europe \u00e9coute des revendications kurdes r\u00e9elles, autant &hellip; <a href=\"https:\/\/www.roxanephoto.com\/blog\/2004\/09\/news-11\/\">Continuer la lecture <span class=\"meta-nav\">&rarr;<\/span><\/a><\/p>\n","protected":false},"author":1,"featured_media":0,"comment_status":"open","ping_status":"open","sticky":false,"template":"","format":"standard","meta":[],"categories":[81,9],"tags":[136,6],"_links":{"self":[{"href":"https:\/\/www.roxanephoto.com\/blog\/wp-json\/wp\/v2\/posts\/350"}],"collection":[{"href":"https:\/\/www.roxanephoto.com\/blog\/wp-json\/wp\/v2\/posts"}],"about":[{"href":"https:\/\/www.roxanephoto.com\/blog\/wp-json\/wp\/v2\/types\/post"}],"author":[{"embeddable":true,"href":"https:\/\/www.roxanephoto.com\/blog\/wp-json\/wp\/v2\/users\/1"}],"replies":[{"embeddable":true,"href":"https:\/\/www.roxanephoto.com\/blog\/wp-json\/wp\/v2\/comments?post=350"}],"version-history":[{"count":3,"href":"https:\/\/www.roxanephoto.com\/blog\/wp-json\/wp\/v2\/posts\/350\/revisions"}],"predecessor-version":[{"id":3714,"href":"https:\/\/www.roxanephoto.com\/blog\/wp-json\/wp\/v2\/posts\/350\/revisions\/3714"}],"wp:attachment":[{"href":"https:\/\/www.roxanephoto.com\/blog\/wp-json\/wp\/v2\/media?parent=350"}],"wp:term":[{"taxonomy":"category","embeddable":true,"href":"https:\/\/www.roxanephoto.com\/blog\/wp-json\/wp\/v2\/categories?post=350"},{"taxonomy":"post_tag","embeddable":true,"href":"https:\/\/www.roxanephoto.com\/blog\/wp-json\/wp\/v2\/tags?post=350"}],"curies":[{"name":"wp","href":"https:\/\/api.w.org\/{rel}","templated":true}]}}