{"id":364,"date":"2004-09-16T08:31:00","date_gmt":"2004-09-16T07:31:00","guid":{"rendered":"http:\/\/www.roxanephoto.com\/blog\/2004\/09\/16\/midyat-mar-gabriel\/"},"modified":"2011-03-27T10:38:40","modified_gmt":"2011-03-27T09:38:40","slug":"midyat-mar-gabriel","status":"publish","type":"post","link":"https:\/\/www.roxanephoto.com\/blog\/2004\/09\/midyat-mar-gabriel\/","title":{"rendered":"Midyat, Mar Gabriel"},"content":{"rendered":"<div>Bus pour le vieux Midyat : 700.000 TL.<\/div>\n<p>\u00a0<\/p>\n<div>\n<div id=\"attachment_3462\" style=\"width: 490px\" class=\"wp-caption alignleft\"><a href=\"http:\/\/www.turquie-photos.com\/midyat\" target=\"_blank\"><img aria-describedby=\"caption-attachment-3462\" decoding=\"async\" loading=\"lazy\" class=\"size-large wp-image-3462 \" title=\"Eglise syriaque Midyat\" src=\"http:\/\/www.roxanephoto.com\/blog\/wp-content\/uploads\/2004\/09\/eglise-syriaque-midyat_604-600x402.jpg\" alt=\"Eglise syriaque Midyat\" width=\"480\" height=\"322\" srcset=\"https:\/\/www.roxanephoto.com\/blog\/wp-content\/uploads\/2004\/09\/eglise-syriaque-midyat_604-600x402.jpg 600w, https:\/\/www.roxanephoto.com\/blog\/wp-content\/uploads\/2004\/09\/eglise-syriaque-midyat_604-500x335.jpg 500w, https:\/\/www.roxanephoto.com\/blog\/wp-content\/uploads\/2004\/09\/eglise-syriaque-midyat_604.jpg 604w\" sizes=\"(max-width: 480px) 100vw, 480px\" \/><\/a><p id=\"caption-attachment-3462\" class=\"wp-caption-text\">Eglise syriaque Midyat<\/p><\/div>\n<p>L&rsquo;entr\u00e9e de la maison de la culture qui date du d\u00e9but du 19e est a 500.000 TL (th\u00e9 offert). La restauration \u00e9tant termin\u00e9e, il est possible d&rsquo;y louer une chambre pour 50 millions.<\/p>\n<\/div>\n<p>\u00a0<\/p>\n<div style=\"text-align: justify;\">L&rsquo;\u00e9glise protestante proche est ferm\u00e9e, mais une jeune fille nous fait visiter Mar Sabel (syriaque orthodoxe) dont elle garde la cl\u00e9.<\/div>\n<p>\u00a0<\/p>\n<div style=\"text-align: justify;\">Retour dans la nouvelle ville ou nous devons retrouver papy Ahmet pour aller a Mar Gabriel.<\/div>\n<p>\u00a0<\/p>\n<div style=\"text-align: justify;\">Le travail des enfants est th\u00e9oriquement interdit en Turquie, mais ici ils travaillent carr\u00e9ment pour la municipalit\u00e9. Dans les mini-bus bond\u00e9s, leur petite taille leur permet de se faufiler aupres des voyageurs pour encaisser le prix du trajet.<\/div>\n<p>\u00a0<\/p>\n<div style=\"text-align: justify;\">\n<div id=\"attachment_3461\" style=\"width: 490px\" class=\"wp-caption alignleft\"><a href=\"http:\/\/www.turquie-photos.com\/mar-gabriel\" target=\"_blank\"><img aria-describedby=\"caption-attachment-3461\" decoding=\"async\" loading=\"lazy\" class=\"size-large wp-image-3461 \" title=\"Monast\u00e8re Mar Gabriel\" src=\"http:\/\/www.roxanephoto.com\/blog\/wp-content\/uploads\/2004\/09\/monastere-mar-gabriel_604-600x402.jpg\" alt=\"Monast\u00e8re Mar Gabriel\" width=\"480\" height=\"322\" srcset=\"https:\/\/www.roxanephoto.com\/blog\/wp-content\/uploads\/2004\/09\/monastere-mar-gabriel_604-600x402.jpg 600w, https:\/\/www.roxanephoto.com\/blog\/wp-content\/uploads\/2004\/09\/monastere-mar-gabriel_604-500x335.jpg 500w, https:\/\/www.roxanephoto.com\/blog\/wp-content\/uploads\/2004\/09\/monastere-mar-gabriel_604.jpg 604w\" sizes=\"(max-width: 480px) 100vw, 480px\" \/><\/a><p id=\"caption-attachment-3461\" class=\"wp-caption-text\">Monast\u00e8re Mar Gabriel<\/p><\/div>\n<p>Le monastere, a une 20 de kilometres de Midyat, conserve des structures byzantines, mais l&rsquo;ext\u00e9rieur a \u00e9t\u00e9 totalement r\u00e9nov\u00e9. Tres jolie architecture, genre palais syrien, qui garde la m\u00eame unit\u00e9 au fils des restaurations et des am\u00e9nagements.<\/p>\n<\/div>\n<p>\u00a0<\/p>\n<div style=\"text-align: justify;\">Dans l&rsquo;une des chapelles, des peintures de moins de 10 ans sont d\u00e9t\u00e9rior\u00e9es : t\u00e9moignage de la \u00ab\u00a0guerre\u00a0\u00bb attestant que les lieux n&rsquo;ont pas toujours \u00e9t\u00e9 aussi paisibles dans un proche pass\u00e9.<\/div>\n<p>\u00a0<\/p>\n<div style=\"text-align: justify;\">Le monastere qui date de la fin du 4e siecle sert de r\u00e9sidence a l&rsquo;archeveque du T\u00fcr Abdin.<\/div>\n<p>\u00a0<\/p>\n<div style=\"text-align: justify;\">Comme a Mardin, notre guide refuse tout pourboire, contrairement aux all\u00e9gations du <em>Routard<\/em> &#8211; qui n&rsquo;est plus a une \u00e2nerie pres &#8211; qui pr\u00e9tend qu&rsquo;il est fortement conseill\u00e9 d&rsquo;en laisser un !<\/div>\n","protected":false},"excerpt":{"rendered":"<p>Bus pour le vieux Midyat : 700.000 TL. \u00a0 L&rsquo;entr\u00e9e de la maison de la culture qui date du d\u00e9but du 19e est a 500.000 TL (th\u00e9 offert). La restauration \u00e9tant termin\u00e9e, il est possible d&rsquo;y louer une chambre pour &hellip; <a href=\"https:\/\/www.roxanephoto.com\/blog\/2004\/09\/midyat-mar-gabriel\/\">Continuer la lecture <span class=\"meta-nav\">&rarr;<\/span><\/a><\/p>\n","protected":false},"author":1,"featured_media":0,"comment_status":"open","ping_status":"open","sticky":false,"template":"","format":"standard","meta":[],"categories":[236,96,10,9],"tags":[],"_links":{"self":[{"href":"https:\/\/www.roxanephoto.com\/blog\/wp-json\/wp\/v2\/posts\/364"}],"collection":[{"href":"https:\/\/www.roxanephoto.com\/blog\/wp-json\/wp\/v2\/posts"}],"about":[{"href":"https:\/\/www.roxanephoto.com\/blog\/wp-json\/wp\/v2\/types\/post"}],"author":[{"embeddable":true,"href":"https:\/\/www.roxanephoto.com\/blog\/wp-json\/wp\/v2\/users\/1"}],"replies":[{"embeddable":true,"href":"https:\/\/www.roxanephoto.com\/blog\/wp-json\/wp\/v2\/comments?post=364"}],"version-history":[{"count":5,"href":"https:\/\/www.roxanephoto.com\/blog\/wp-json\/wp\/v2\/posts\/364\/revisions"}],"predecessor-version":[{"id":1624,"href":"https:\/\/www.roxanephoto.com\/blog\/wp-json\/wp\/v2\/posts\/364\/revisions\/1624"}],"wp:attachment":[{"href":"https:\/\/www.roxanephoto.com\/blog\/wp-json\/wp\/v2\/media?parent=364"}],"wp:term":[{"taxonomy":"category","embeddable":true,"href":"https:\/\/www.roxanephoto.com\/blog\/wp-json\/wp\/v2\/categories?post=364"},{"taxonomy":"post_tag","embeddable":true,"href":"https:\/\/www.roxanephoto.com\/blog\/wp-json\/wp\/v2\/tags?post=364"}],"curies":[{"name":"wp","href":"https:\/\/api.w.org\/{rel}","templated":true}]}}