{"id":3965,"date":"2013-04-13T22:47:05","date_gmt":"2013-04-13T21:47:05","guid":{"rendered":"http:\/\/www.roxanephoto.com\/blog\/?p=3965"},"modified":"2013-06-20T23:06:36","modified_gmt":"2013-06-20T22:06:36","slug":"cdg-erbil","status":"publish","type":"post","link":"https:\/\/www.roxanephoto.com\/blog\/2013\/04\/cdg-erbil\/","title":{"rendered":"CDG &#8211; Erbil"},"content":{"rendered":"<p>Queue \u00e0 l\u2019enregistrement, mais je passe la premi\u00e8re, \u00e9tant l\u2019une des rares passag\u00e8res \u00e0 savoir que les bornes voyantes de Lufthansa,\u00a0 c\u2019est pas juste pour faire joli, \u00e7a sert aussi \u00e0 retirer ses cartes d\u2019embarquement.<\/p>\n<p>La pr\u00e9pos\u00e9e derri\u00e8re le comptoir ne sait pas si elle peut enregistrer mes bagages, mais ne croit pas, faut attendre sa responsable qui n\u2019a pas plus entendu parler du Kurdistan,\u00a0et m\u2019explique qu\u2019il faut un visa pour l\u2019Irak.<\/p>\n<p>Dialogue de sourdes\u00a0:<\/p>\n<p>&#8211; \u00abLe Kurdistan n\u2019est pas l\u2019Irak, on peut obtenir un visa sur place.\u00bb<\/p>\n<p>&#8211; \u00abCe n\u2019est pas en Irak\u00a0?\u00bb<\/p>\n<p>&#8211; \u00ab\u00a0Si, mais ce n\u2019est pas l\u2019Irak.\u00bb<\/p>\n<p>Elles consultent leur manuel sur \u00e9cran\u00a0: effectivement, c\u2019est visa OU sur place. \u00a0J\u2019insiste sur le OU dont l\u2019interpr\u00e9tation leur pose probl\u00e8me, passeport et ses multiples tampons kurdes \u00e0 l\u2019appui\u2026 Putain, c\u2019est pas du juridique l\u00e0, c\u2019est du fran\u00e7ais\u00a0! Et franchement, les cours niveau primaire \u00e0 4 h 30 du mat&#8230;<\/p>\n<p>Veulent savoir si apr\u00e8s Erbil je compte aller ailleurs\u00a0: non mais, de quoi je me m\u00eale\u00a0? En quoi une employ\u00e9e d\u2019ADP ou de Lufthansa\u00a0 a autorit\u00e9 pour d\u00e9livrer des permis de s\u00e9jour dans un pays \u00e9tranger\u00a0??? Je suis en r\u00e8gle pour sortir de France, apr\u00e8s c\u2019est mon probl\u00e8me et celui du pays o\u00f9 je me rends, mais pas celui de la France et encore moins celui d\u2019un employ\u00e9 d\u2019une soci\u00e9t\u00e9 commerciale\u00a0! Je me retiens pour ne pas leur voler dans les plumes et leur jure que l\u2019Irak, non, tr\u00e8s peu pour moi, hein ma brave dame, avec tout ce qu\u2019on entend \u00e0 la t\u00e9l\u00e9\u2026<\/p>\n<p>Elles consentent enfin \u00e0 prendre le OU pour ce qu\u2019il est, mais c\u2019est limite. La prochaine fois, je demande un papier du GRK&#8230; en sorani\u00a0!<\/p>\n<p>Eau \u00e0 CDG : 2,20 \u20ac les 50 cl. 1 \u20ac de plus \u00e0\u00a0Francfort : bonjour l\u2019arnaque\u00a0!<\/p>\n<p>J\u2019ai largement le temps de faire une pause dans le local fumeurs, assez grand et confortable pour une fois, et contrairement aux escales viennoises, ici, je reste dans la zone de transit et ils ne contr\u00f4lent que les passeports, ce qui m\u2019\u00e9vite la gal\u00e8re d\u2019avoir \u00e0 re-ranger tout le mat\u00e9riel photo.<\/p>\n<p>10 mn de retard \u00e0 l\u2019arriv\u00e9e, mais passage ultra rapide de la douane, et ils ne scannent plus les empreintes digitales.<\/p>\n<p>Change et bureau d\u2019information touristique toujours ferm\u00e9s, et le distributeur automatique recrache d\u00e9daigneusement ma carte en me demandant de contacter ma banque\u00a0: mais pourquoi ai-je eu la brillante id\u00e9e de changer mes dinars en <a title=\"Photos Turquie\" href=\"http:\/\/www.turquie-photos.com\" target=\"_blank\">Turquie<\/a> la derni\u00e8re fois\u00a0?<\/p>\n<p>Le taxi ne veut pas perdre de temps dans les embouteillages \u00e0 chercher un bureau de change et pr\u00e9tend qu\u2019il n\u2019y a aucun probl\u00e8me \u00e0 s\u2019arranger avec l\u2019h\u00f4tel\u00a0: parfaitement exact\u00a0! Je suis accueillie plus que cordialement \u00e0 l\u2019Almas o\u00f9 le r\u00e9ceptionniste paie directement le chauffeur qu\u2019il s\u2019empresse de d\u00e9gager.<\/p>\n<p>A part les jeunes Y\u00e9zidis qui travaillaient ici pendant leurs vacances, l\u2019\u00e9quipe est au complet. Le prix de la chambre a baiss\u00e9\u00a0: 65000 dinars, soit environ 40 \u20ac, ce qui est tr\u00e8s correct pour Erbil.<\/p>\n<div id=\"attachment_3979\" style=\"width: 410px\" class=\"wp-caption alignleft\"><a href=\"http:\/\/www.kurdistan-photos.com\/erbil\/ville\" target=\"_blank\"><img aria-describedby=\"caption-attachment-3979\" decoding=\"async\" loading=\"lazy\" class=\" wp-image-3979 \" title=\"Exposition de peinture - Erbil\" src=\"http:\/\/www.roxanephoto.com\/blog\/wp-content\/uploads\/2013\/04\/exposition-peinture-500x335.jpg\" alt=\"Exposition de peinture - Erbil\" width=\"400\" height=\"268\" srcset=\"https:\/\/www.roxanephoto.com\/blog\/wp-content\/uploads\/2013\/04\/exposition-peinture-500x335.jpg 500w, https:\/\/www.roxanephoto.com\/blog\/wp-content\/uploads\/2013\/04\/exposition-peinture-600x402.jpg 600w, https:\/\/www.roxanephoto.com\/blog\/wp-content\/uploads\/2013\/04\/exposition-peinture.jpg 604w\" sizes=\"(max-width: 400px) 100vw, 400px\" \/><\/a><p id=\"caption-attachment-3979\" class=\"wp-caption-text\">Exposition de peinture &#8211; Erbil<\/p><\/div>\n<p>La nouvelle place au pied de la citadelle est une vraie r\u00e9ussite avec sa v\u00e9g\u00e9tation et ses jets d\u2019eau. Des petits commerces et des artisans se sont install\u00e9s autour, et l\u2019ambiance y est super agr\u00e9able, \u00e0 la fois anim\u00e9e et nonchalante. \u00a0J\u2019en profite pour prendre un bain de Kurdes, m\u00eame si je ne passe pas inaper\u00e7ue\u00a0: en fait, je suis l\u2019attraction de la soir\u00e9e\u2026 ce qui n\u2019emp\u00eache pas un cr\u00e9tin de me proposer de le suivre\u00a0: pas 10 mn que je suis l\u00e0\u00a0!<\/p>\n<p>Change au bazar\u00a0: 160.000 dinars pour 100 \u20ac, et coup de fil \u00e0 Shivan pour lui confirmer que je suis bien arriv\u00e9e. \u00c7a tombe bien, il vient demain \u00e0 Erbil pour r\u00e9gler son probl\u00e8me d\u2019\u00e9quivalence de dipl\u00f4me au Minist\u00e8re de l\u2019\u00e9ducation. On rentrera ensemble \u00e0 <a title=\"Photos Duhok\" href=\"http:\/\/www.kurdistan-photos.com\/duhok\" target=\"_blank\">Duhok<\/a> avec l\u2019un de ses amis qui est aussi \u00e0 <a title=\"Photos Erbil\" href=\"http:\/\/www.kurdistan-photos.com\/erbil\" target=\"_blank\">Erbil<\/a>.<\/p>\n<p>Coup de fil d\u2019un num\u00e9ro non identifi\u00e9 par mon portable 5 mn apr\u00e8s\u00a0: c\u2019est l\u2019ami qui veut que je le contacte si j\u2019ai besoin de quoique ce soit, d\u2019aide par exemple. Je le connais, on s\u2019est d\u00e9j\u00e0 vu\u00a0: il attend visiblement que je me souvienne de son pr\u00e9nom, mais la derni\u00e8re fois, j\u2019ai juste rencontr\u00e9 quelques centaines de Y\u00e9zidis. Parait que j\u2019ai envoy\u00e9 sa photo\u2026 ouais, j\u2019en ai envoy\u00e9 plein des photos\u00a0!<\/p>\n<p>Seul indice, il parle anglais. Ce n\u2019est pas Luqman, il m\u2019aurait appel\u00e9e K\u00e9ni, ni Yusif qui aurait dit \u00abmy friend\u00a0\u00bb, Hassan aurait bougonn\u00e9 que je devais venir tout de suite \u00e0 la maison\u2026 Vu que \u00e7a a l\u2019air important, je pioche au pif l\u2019un des premiers pr\u00e9noms qui me reviennent\u00a0: Rezan. Gagn\u00e9\u00a0! J\u2019ai pass\u00e9 le test avec succ\u00e8s (et surtout beaucoup de bol), mais si \u00e7a peut leur faire plaisir que je les reconnaisse imm\u00e9diatement au t\u00e9l\u00e9phone\u2026<\/p>\n<p>Pas dormi la nuit derni\u00e8re, je suis compl\u00e8tement naze \u00e0 8 h du soir, mais impossible de dormir&#8230;<\/p>\n","protected":false},"excerpt":{"rendered":"<p>Queue \u00e0 l\u2019enregistrement, mais je passe la premi\u00e8re, \u00e9tant l\u2019une des rares passag\u00e8res \u00e0 savoir que les bornes voyantes de Lufthansa,\u00a0 c\u2019est pas juste pour faire joli, \u00e7a sert aussi \u00e0 retirer ses cartes d\u2019embarquement. La pr\u00e9pos\u00e9e derri\u00e8re le comptoir &hellip; <a href=\"https:\/\/www.roxanephoto.com\/blog\/2013\/04\/cdg-erbil\/\">Continuer la lecture <span class=\"meta-nav\">&rarr;<\/span><\/a><\/p>\n","protected":false},"author":2,"featured_media":0,"comment_status":"open","ping_status":"closed","sticky":false,"template":"","format":"standard","meta":[],"categories":[285,258,42,17,259,10],"tags":[],"_links":{"self":[{"href":"https:\/\/www.roxanephoto.com\/blog\/wp-json\/wp\/v2\/posts\/3965"}],"collection":[{"href":"https:\/\/www.roxanephoto.com\/blog\/wp-json\/wp\/v2\/posts"}],"about":[{"href":"https:\/\/www.roxanephoto.com\/blog\/wp-json\/wp\/v2\/types\/post"}],"author":[{"embeddable":true,"href":"https:\/\/www.roxanephoto.com\/blog\/wp-json\/wp\/v2\/users\/2"}],"replies":[{"embeddable":true,"href":"https:\/\/www.roxanephoto.com\/blog\/wp-json\/wp\/v2\/comments?post=3965"}],"version-history":[{"count":6,"href":"https:\/\/www.roxanephoto.com\/blog\/wp-json\/wp\/v2\/posts\/3965\/revisions"}],"predecessor-version":[{"id":3989,"href":"https:\/\/www.roxanephoto.com\/blog\/wp-json\/wp\/v2\/posts\/3965\/revisions\/3989"}],"wp:attachment":[{"href":"https:\/\/www.roxanephoto.com\/blog\/wp-json\/wp\/v2\/media?parent=3965"}],"wp:term":[{"taxonomy":"category","embeddable":true,"href":"https:\/\/www.roxanephoto.com\/blog\/wp-json\/wp\/v2\/categories?post=3965"},{"taxonomy":"post_tag","embeddable":true,"href":"https:\/\/www.roxanephoto.com\/blog\/wp-json\/wp\/v2\/tags?post=3965"}],"curies":[{"name":"wp","href":"https:\/\/api.w.org\/{rel}","templated":true}]}}