{"id":402,"date":"2005-08-01T23:05:00","date_gmt":"2005-08-01T22:05:00","guid":{"rendered":"http:\/\/www.roxanephoto.com\/blog\/2005\/07\/31\/patriarcat\/"},"modified":"2011-02-07T18:23:41","modified_gmt":"2011-02-07T17:23:41","slug":"patriarcat","status":"publish","type":"post","link":"https:\/\/www.roxanephoto.com\/blog\/2005\/08\/patriarcat\/","title":{"rendered":"Patriarcat"},"content":{"rendered":"<div style=\"text-align: justify;\">\n<div id=\"attachment_2674\" style=\"width: 430px\" class=\"wp-caption alignleft\"><a href=\"http:\/\/www.istanbul-photos.com\/fatih\/fener\" target=\"_blank\"><img aria-describedby=\"caption-attachment-2674\" decoding=\"async\" loading=\"lazy\" class=\"size-large wp-image-2674 \" title=\"Cierges Patriarcat Fener\" src=\"http:\/\/www.roxanephoto.com\/blog\/wp-content\/uploads\/2005\/08\/cierges-600x402.jpg\" alt=\"Cierges Patriarcat Fener\" width=\"420\" height=\"281\" srcset=\"https:\/\/www.roxanephoto.com\/blog\/wp-content\/uploads\/2005\/08\/cierges-600x402.jpg 600w, https:\/\/www.roxanephoto.com\/blog\/wp-content\/uploads\/2005\/08\/cierges-500x335.jpg 500w, https:\/\/www.roxanephoto.com\/blog\/wp-content\/uploads\/2005\/08\/cierges.jpg 604w\" sizes=\"(max-width: 420px) 100vw, 420px\" \/><\/a><p id=\"caption-attachment-2674\" class=\"wp-caption-text\">Cierges Patriarcat Fener<\/p><\/div>\n<p>Apr\u00e8s avoir compl\u00e9t\u00e9 pour la 100e fois (au moins !) ma collection sur Galata, vu l&rsquo;heure on h\u00e9site un peu pour le Fener (Rino ayant une fois de plus d\u00e9cid\u00e9 de ne m&rsquo;\u00e9pargner aucune pierre de son nouveau quartier de pr\u00e9dilection).\u00a0<\/p>\n<\/div>\n<div style=\"text-align: justify;\">On tente le Patriarcat en essayant de ne pas trop se faire remarquer, les gardiens grecs \u00e9tant ici g\u00e9n\u00e9ralement tr\u00e8s peu aimables quand il s&rsquo;agit de visiter leurs lieux de culte (inutile de parler photos !). Les touristes grecs, eux, n&rsquo;ont pas le moindre probleme m\u00eame pour utiliser leur flash, mais \u00e9videmment un cerb\u00e8re vient me gonfler alors que M. Konica-Minolta a gentiment pens\u00e9 \u00e0 prot\u00e9ger leurs ic\u00f4nes en me permettant d&rsquo;augmenter la sensibilit\u00e9 de mon appareil.<\/div>\n<div style=\"text-align: justify;\">\u00a0<\/div>\n<div style=\"text-align: justify;\">M\u00eame dans la cour, on est maqu\u00e9 en permanence ! Avisant un groupe de Grecs qui attendent un appareil en main, Rino soup\u00e7onne la visite du Patriarche de Constantinople.\u00a0<\/div>\n<p>\u00a0<\/p>\n<div style=\"text-align: justify;\">\n<div id=\"attachment_2675\" style=\"width: 430px\" class=\"wp-caption alignleft\"><a href=\"http:\/\/www.istanbul-photos.com\/fatih\/fener\" target=\"_blank\"><img aria-describedby=\"caption-attachment-2675\" decoding=\"async\" loading=\"lazy\" class=\"size-large wp-image-2675 \" title=\"Patriarche Bartholom\u00e9 Ier\" src=\"http:\/\/www.roxanephoto.com\/blog\/wp-content\/uploads\/2005\/08\/patriarche-600x402.jpg\" alt=\"Patriarche Bartholom\u00e9 Ier\" width=\"420\" height=\"281\" srcset=\"https:\/\/www.roxanephoto.com\/blog\/wp-content\/uploads\/2005\/08\/patriarche-600x402.jpg 600w, https:\/\/www.roxanephoto.com\/blog\/wp-content\/uploads\/2005\/08\/patriarche-500x335.jpg 500w, https:\/\/www.roxanephoto.com\/blog\/wp-content\/uploads\/2005\/08\/patriarche.jpg 604w\" sizes=\"(max-width: 420px) 100vw, 420px\" \/><\/a><p id=\"caption-attachment-2675\" class=\"wp-caption-text\">Patriarche Bartholom\u00e9 Ier<\/p><\/div>\n<p>Pouvoir photographier le chef de file du monde orthodoxe, \u00e7a serait vraiment de la chance. Je passe donc le num\u00e9rique \u00e0 Rino avec mission de viser et d&rsquo;appuyer sur le d\u00e9clancheur autant qu&rsquo;il peut, et vais me poster dans un autre coin de la cour.<\/p>\n<\/div>\n<p>Le temps passe et la lumiere baisse, ce qui va poser probleme \u00e0 mon t\u00e9l\u00e9objectif, mais inverser les appareils au dernier moment, c&rsquo;est prendre le risque de ne rien avoir du tout. C&rsquo;est quand la petite procession s&rsquo;avance, que je m&rsquo;avise que je n&rsquo;ai pas la moindre id\u00e9e de ce \u00e0 quoi ressemble le Patriarche : je vais avoir l&rsquo;air cr\u00e9tin de mitrailler son chauffeur !<\/p>\n<p>Minute de panique pour rien, l&rsquo;attitude respectueuse de l&rsquo;entourage de Bartholom\u00e9 Ier ne laisse pas la place au doute&#8230; pas comme le couple t\u00e9l\u00e9-200 iso, d&rsquo;autant que tout se passe tr\u00e8s vite.<\/p>\n<p>Si j&rsquo;ai de la chance, j&rsquo;aurai un chouette portrait, le Patriarche s&rsquo;\u00e9tant tourn\u00e9 vers moi pour saluer (au passage, il a l&rsquo;air nettement plus sympa que les matons des ic\u00f4nes), sinon, j&rsquo;enragerai devant le flou d&rsquo;un des seuls portraits loup\u00e9s depuis mes d\u00e9buts photo&#8230; enfin, un portrait que j&rsquo;ai envie de r\u00e9ussir, parce que Tatie Danielle et ses potes en 2000 \u00e0 l&rsquo;Assembl\u00e9e nationale, j&rsquo;ai r\u00e9ussi \u00e0 en faire 3 pellicules de caricatures !<\/p>\n","protected":false},"excerpt":{"rendered":"<p>Apr\u00e8s avoir compl\u00e9t\u00e9 pour la 100e fois (au moins !) ma collection sur Galata, vu l&rsquo;heure on h\u00e9site un peu pour le Fener (Rino ayant une fois de plus d\u00e9cid\u00e9 de ne m&rsquo;\u00e9pargner aucune pierre de son nouveau quartier de &hellip; <a href=\"https:\/\/www.roxanephoto.com\/blog\/2005\/08\/patriarcat\/\">Continuer la lecture <span class=\"meta-nav\">&rarr;<\/span><\/a><\/p>\n","protected":false},"author":1,"featured_media":0,"comment_status":"open","ping_status":"open","sticky":false,"template":"","format":"standard","meta":[],"categories":[36,9],"tags":[261,260],"_links":{"self":[{"href":"https:\/\/www.roxanephoto.com\/blog\/wp-json\/wp\/v2\/posts\/402"}],"collection":[{"href":"https:\/\/www.roxanephoto.com\/blog\/wp-json\/wp\/v2\/posts"}],"about":[{"href":"https:\/\/www.roxanephoto.com\/blog\/wp-json\/wp\/v2\/types\/post"}],"author":[{"embeddable":true,"href":"https:\/\/www.roxanephoto.com\/blog\/wp-json\/wp\/v2\/users\/1"}],"replies":[{"embeddable":true,"href":"https:\/\/www.roxanephoto.com\/blog\/wp-json\/wp\/v2\/comments?post=402"}],"version-history":[{"count":11,"href":"https:\/\/www.roxanephoto.com\/blog\/wp-json\/wp\/v2\/posts\/402\/revisions"}],"predecessor-version":[{"id":2681,"href":"https:\/\/www.roxanephoto.com\/blog\/wp-json\/wp\/v2\/posts\/402\/revisions\/2681"}],"wp:attachment":[{"href":"https:\/\/www.roxanephoto.com\/blog\/wp-json\/wp\/v2\/media?parent=402"}],"wp:term":[{"taxonomy":"category","embeddable":true,"href":"https:\/\/www.roxanephoto.com\/blog\/wp-json\/wp\/v2\/categories?post=402"},{"taxonomy":"post_tag","embeddable":true,"href":"https:\/\/www.roxanephoto.com\/blog\/wp-json\/wp\/v2\/tags?post=402"}],"curies":[{"name":"wp","href":"https:\/\/api.w.org\/{rel}","templated":true}]}}