{"id":406,"date":"2005-08-05T17:01:00","date_gmt":"2005-08-05T16:01:00","guid":{"rendered":"http:\/\/www.roxanephoto.com\/blog\/2005\/08\/05\/erzincan\/"},"modified":"2011-02-07T19:28:46","modified_gmt":"2011-02-07T18:28:46","slug":"erzincan","status":"publish","type":"post","link":"https:\/\/www.roxanephoto.com\/blog\/2005\/08\/erzincan\/","title":{"rendered":"Erzincan"},"content":{"rendered":"<div style=\"text-align: justify;\">Sivas\/Erzincan, 10 h 30, 4 h de trajet avec 1\/2 heure d&rsquo;arr\u00eat ravitaillement, 240 km, 15 YTL.<\/div>\n<div id=\"attachment_2702\" style=\"width: 388px\" class=\"wp-caption alignleft\"><a href=\"http:\/\/www.turquie-photos.com\/erzincan\" target=\"_blank\"><img aria-describedby=\"caption-attachment-2702\" decoding=\"async\" loading=\"lazy\" class=\"size-large wp-image-2702  \" title=\"Erzincan\" src=\"http:\/\/www.roxanephoto.com\/blog\/wp-content\/uploads\/2005\/08\/erzincan-600x401.jpg\" alt=\"Erzincan\" width=\"378\" height=\"253\" srcset=\"https:\/\/www.roxanephoto.com\/blog\/wp-content\/uploads\/2005\/08\/erzincan-600x401.jpg 600w, https:\/\/www.roxanephoto.com\/blog\/wp-content\/uploads\/2005\/08\/erzincan-500x334.jpg 500w, https:\/\/www.roxanephoto.com\/blog\/wp-content\/uploads\/2005\/08\/erzincan.jpg 604w\" sizes=\"(max-width: 378px) 100vw, 378px\" \/><\/a><p id=\"caption-attachment-2702\" class=\"wp-caption-text\">Erzincan<\/p><\/div>\n<p style=\"text-align: justify;\">\u00a0Belle route avec des petits villages aux toits en pente&#8230; et malheureusement en ferraille !<\/p>\n<p style=\"text-align: justify;\">Erzincan (qui a le bout go\u00fbt d&rsquo;avoir des toits en tuiles) est une jolie petite ville entour\u00e9e de montagnes, moderne, propre et prosp\u00e8re. Un peu trop moderne m\u00eame : plusieurs tremblements de terre l&rsquo;ont d\u00e9vast\u00e9e au XXe siecle, dont le dernier en 1992 et il ne reste rien des cit\u00e9s arm\u00e9nienne, seljoukide ou mongole.<\/p>\n<div style=\"text-align: justify;\">Il y a pourtant eu une grande r\u00e9union a l&rsquo;h\u00f4tel (G\u00fclistan h\u00f4tel, 25 YTL soit environ 15 \u20ac avec petit dej apres n\u00e9gociation, r\u00e9cent et propre) pour me d\u00e9nicher un morceau de vieille pierre \u00e0 photographier, mais la ville n&rsquo;a d\u00e9cid\u00e9ment rien pu sauver de son prestigieux pass\u00e9.<\/div>\n<p style=\"text-align: justify;\">Il doit y avoir encore des petits villages pittoresques dans le coin, mais il faudrait un v\u00e9hicule et je ne veux pas m&rsquo;\u00e9terniser ici : l&rsquo;Internet caf\u00e9 est non fumeur (ce qui explique la bri\u00e8vet\u00e9 de ce post) !<\/p>\n","protected":false},"excerpt":{"rendered":"<p>Sivas\/Erzincan, 10 h 30, 4 h de trajet avec 1\/2 heure d&rsquo;arr\u00eat ravitaillement, 240 km, 15 YTL. \u00a0Belle route avec des petits villages aux toits en pente&#8230; et malheureusement en ferraille ! Erzincan (qui a le bout go\u00fbt d&rsquo;avoir des &hellip; <a href=\"https:\/\/www.roxanephoto.com\/blog\/2005\/08\/erzincan\/\">Continuer la lecture <span class=\"meta-nav\">&rarr;<\/span><\/a><\/p>\n","protected":false},"author":1,"featured_media":0,"comment_status":"open","ping_status":"open","sticky":false,"template":"","format":"standard","meta":[],"categories":[310,10,9],"tags":[313],"_links":{"self":[{"href":"https:\/\/www.roxanephoto.com\/blog\/wp-json\/wp\/v2\/posts\/406"}],"collection":[{"href":"https:\/\/www.roxanephoto.com\/blog\/wp-json\/wp\/v2\/posts"}],"about":[{"href":"https:\/\/www.roxanephoto.com\/blog\/wp-json\/wp\/v2\/types\/post"}],"author":[{"embeddable":true,"href":"https:\/\/www.roxanephoto.com\/blog\/wp-json\/wp\/v2\/users\/1"}],"replies":[{"embeddable":true,"href":"https:\/\/www.roxanephoto.com\/blog\/wp-json\/wp\/v2\/comments?post=406"}],"version-history":[{"count":13,"href":"https:\/\/www.roxanephoto.com\/blog\/wp-json\/wp\/v2\/posts\/406\/revisions"}],"predecessor-version":[{"id":2712,"href":"https:\/\/www.roxanephoto.com\/blog\/wp-json\/wp\/v2\/posts\/406\/revisions\/2712"}],"wp:attachment":[{"href":"https:\/\/www.roxanephoto.com\/blog\/wp-json\/wp\/v2\/media?parent=406"}],"wp:term":[{"taxonomy":"category","embeddable":true,"href":"https:\/\/www.roxanephoto.com\/blog\/wp-json\/wp\/v2\/categories?post=406"},{"taxonomy":"post_tag","embeddable":true,"href":"https:\/\/www.roxanephoto.com\/blog\/wp-json\/wp\/v2\/tags?post=406"}],"curies":[{"name":"wp","href":"https:\/\/api.w.org\/{rel}","templated":true}]}}