{"id":417,"date":"2005-08-14T00:14:00","date_gmt":"2005-08-13T23:14:00","guid":{"rendered":"http:\/\/www.roxanephoto.com\/blog\/2005\/08\/14\/flagrant-delit-de-crimes-de-lese-majeste\/"},"modified":"2011-02-08T13:05:30","modified_gmt":"2011-02-08T12:05:30","slug":"flagrant-delit-de-crimes-de-lese-majeste","status":"publish","type":"post","link":"https:\/\/www.roxanephoto.com\/blog\/2005\/08\/flagrant-delit-de-crimes-de-lese-majeste\/","title":{"rendered":"Flagrant d\u00e9lit de crimes de l\u00e8se-majest\u00e9"},"content":{"rendered":"<div style=\"text-align: justify;\">\n<div id=\"attachment_2777\" style=\"width: 251px\" class=\"wp-caption alignleft\"><a href=\"http:\/\/www.kurdistan-photos.com\/suleymaniye\" target=\"_blank\"><img aria-describedby=\"caption-attachment-2777\" decoding=\"async\" loading=\"lazy\" class=\"size-large wp-image-2777 \" title=\"Mosqu\u00e9e Suleymaniye\" src=\"http:\/\/www.roxanephoto.com\/blog\/wp-content\/uploads\/2005\/08\/mosquee-suleymaniye-401x600.jpg\" alt=\"Mosqu\u00e9e Suleymaniye\" width=\"241\" height=\"360\" srcset=\"https:\/\/www.roxanephoto.com\/blog\/wp-content\/uploads\/2005\/08\/mosquee-suleymaniye-401x600.jpg 401w, https:\/\/www.roxanephoto.com\/blog\/wp-content\/uploads\/2005\/08\/mosquee-suleymaniye-334x500.jpg 334w, https:\/\/www.roxanephoto.com\/blog\/wp-content\/uploads\/2005\/08\/mosquee-suleymaniye.jpg 406w\" sizes=\"(max-width: 241px) 100vw, 241px\" \/><\/a><p id=\"caption-attachment-2777\" class=\"wp-caption-text\">Mosqu\u00e9e Suleymaniye<\/p><\/div>\n<p>Pendant que la journaliste de choc va interroger des femmes gr\u00e9vistes de la faim (projet de Constitution), nous allons faire un tour en ville. C&rsquo;est poussi\u00e9reux, pas vraiment esth\u00e9tique, mais nous n&rsquo;avons pas le temps de voir grand chose : il faut retourner \u00e0 l&rsquo;h\u00f4tel pour aller chercher la \u00ab\u00a0dame\u00a0\u00bb qui est m\u00e9contente parce qu&rsquo;elle vient de louper son sujet. A mon avis, les manifestantes ont pr\u00e9f\u00e9r\u00e9 aller se faire <a title=\"Plats kurdes\" href=\"http:\/\/www.kurdistan-photos.com\/nourriture\" target=\"_blank\">une bouffe<\/a> quand elles l&rsquo;ont vue arriver !<\/p>\n<\/div>\n<p>\u00a0<\/p>\n<div style=\"text-align: justify;\">Sur la route de <a title=\"Photos Salahaddin\" href=\"http:\/\/www.kurdistan-photos.com\/salahaddin\" target=\"_blank\">Salahaddin<\/a>, arr\u00eat photo au <a title=\"Photos Dukan\" href=\"http:\/\/www.kurdistan-photos.com\/dukan\" target=\"_blank\">lac Dukan<\/a>. Elle qui ne descend jamais de voiture pour s&rsquo;int\u00e9resser au paysage (pr\u00e9f\u00e8re lire son journal d&rsquo;un air m\u00e9prisant) sort un petit num\u00e9rique pour faire des photos, comme elle a d\u00fb le faire \u00e0 <a title=\"Photos Hasankeyf\" href=\"http:\/\/www.turquie-photos.com\/hasankeyf\" target=\"_blank\">Hasankeyf<\/a>, tout en pr\u00e9tendant avoir besoin des miennes \u00e0 plusieurs reprises, alors que je ne lui ai jamais rien demand\u00e9 : sur la parole des journalistes en g\u00e9n\u00e9ral, je sais \u00e0 quoi m&rsquo;en tenir ! A part essayer de soutirer des infos et des contacts en prenant les autres pour des pigeons, pas la peine d&rsquo;en attendre beaucoup plus !<\/div>\n<p>\u00a0<\/p>\n<div style=\"text-align: justify;\">La route de Salahaddin est soit disant brusquement ferm\u00e9e (ben voyons !) et Ahmet referme d\u00e9sormais syst\u00e9matiquement ma fen\u00eatre pour m&#8217;emp\u00eacher de photographier la zone outrageusement PDK que nous traversons.<\/div>\n<p>\u00a0<\/p>\n<div style=\"text-align: justify;\">On va donc \u00e0 <a title=\"Photos Erbil\" href=\"http:\/\/www.kurdistan-photos.com\/erbil\" target=\"_blank\">Erbil<\/a> sans rien visiter au passage. La teigne qui ne dig\u00e8re pas que je ne lui ai pas apport\u00e9 mes contacts sur un plateau continue a m&rsquo;agresser \u00e0 la moindre occasion.<\/div>\n<p>\u00a0<\/p>\n<div style=\"text-align: justify;\">Je mets donc les choses au point. Elle vient de nous faire perdre 24 h, et j&rsquo;en perdrai au moins autant \u00e0 <a title=\"Photos Batman\" href=\"http:\/\/www.turquie-photos.com\/batman\" target=\"_blank\">Batman<\/a> o\u00f9 j&rsquo;ai pr\u00e9venu \u00e0 sa demande que je passerai pour la pr\u00e9senter (et o\u00f9 je suis donc oblig\u00e9e d&rsquo;aller) : Madame ne peut plus y aller, elle doit \u00e0 la date convenue accueillir un ami \u00e0 <a title=\"Photos Istanbul\" href=\"http:\/\/www.istanbul-photos.com\" target=\"_blank\">Istanbul<\/a>. Elle m&rsquo;a fait louper Harput pour \u00eatre \u00e0 temps \u00e0 son rendez-vous\u00a0<a title=\"Photos Hasankeyf\" href=\"http:\/\/www.turquie-photos.com\/hasankeyf\" target=\"_blank\">Hasankeyf<\/a> o\u00f9 elle n&rsquo;a pas jug\u00e9 utile d&rsquo;\u00eatre : plus urgent d&rsquo;aller rejoindre des amis que de respecter ses engagements. Quant \u00e0 \u00ab\u00a0ses\u00a0\u00bb contacts qu&rsquo;elle a reproch\u00e9 \u00e0 Tom de vouloir utiliser, je lui rappelle d&rsquo;o\u00f9 ils viennent : quand on n&rsquo;est m\u00eame pas capable de trouver le num\u00e9ro du GRK \u00e0 <a title=\"Photos France\" href=\"http:\/\/www.roxanephoto.com\" target=\"_blank\">Paris<\/a>, on \u00e9vite de se la ramener !<\/div>\n<p>\u00a0<\/p>\n<div style=\"text-align: justify;\">Elle se d\u00e9fend par un \u00ab\u00a0J&rsquo;ai un article \u00e0 rendre, c&rsquo;est peut \u00eatre vous qui allez le faire ?\u00a0\u00bb sans envisager une fraction de seconde que ce n&rsquo;est absolument pas notre probl\u00e8me, qu&rsquo;on est l\u00e0 pour \u00eatre avec les Kurdes et faire des photos du Kurdistan, et qu&rsquo;elle justifie son salaire, fasse du crochet ou une tarte aux pommes, on s&rsquo;en fout royalement !<\/div>\n<p>\u00a0<\/p>\n<div style=\"text-align: justify;\">\n<div id=\"attachment_2778\" style=\"width: 370px\" class=\"wp-caption alignleft\"><a href=\"http:\/\/www.kurdistan-photos.com\/erbil\/citadelle\" target=\"_blank\"><img aria-describedby=\"caption-attachment-2778\" decoding=\"async\" loading=\"lazy\" class=\"size-large wp-image-2778 \" title=\"Kurdes - Citadelle Erbil\" src=\"http:\/\/www.roxanephoto.com\/blog\/wp-content\/uploads\/2005\/08\/citadelle-erbil-600x402.jpg\" alt=\"Kurdes - Citadelle Erbil\" width=\"360\" height=\"241\" srcset=\"https:\/\/www.roxanephoto.com\/blog\/wp-content\/uploads\/2005\/08\/citadelle-erbil-600x402.jpg 600w, https:\/\/www.roxanephoto.com\/blog\/wp-content\/uploads\/2005\/08\/citadelle-erbil-500x335.jpg 500w, https:\/\/www.roxanephoto.com\/blog\/wp-content\/uploads\/2005\/08\/citadelle-erbil.jpg 604w\" sizes=\"(max-width: 360px) 100vw, 360px\" \/><\/a><p id=\"caption-attachment-2778\" class=\"wp-caption-text\">Kurdes - Citadelle Erbil<\/p><\/div>\n<p>Un \u00ab\u00a0Exact, je ne ferai pas ton article : perso, j&rsquo;\u00e9vite de faire de la merde !\u00a0\u00bb lui coupe le sifflet pour l&rsquo;instant.<\/p>\n<\/div>\n<div style=\"text-align: justify;\">\n<div id=\"attachment_2779\" style=\"width: 370px\" class=\"wp-caption alignleft\"><a href=\"http:\/\/www.kurdistan-photos.com\/portraits\/garcons\" target=\"_blank\"><img aria-describedby=\"caption-attachment-2779\" decoding=\"async\" loading=\"lazy\" class=\"size-large wp-image-2779 \" title=\"Petits Kurdes - Erbil\" src=\"http:\/\/www.roxanephoto.com\/blog\/wp-content\/uploads\/2005\/08\/petits-kurdes-erbil-600x401.jpg\" alt=\"Petits Kurdes - Erbil\" width=\"360\" height=\"241\" srcset=\"https:\/\/www.roxanephoto.com\/blog\/wp-content\/uploads\/2005\/08\/petits-kurdes-erbil-600x401.jpg 600w, https:\/\/www.roxanephoto.com\/blog\/wp-content\/uploads\/2005\/08\/petits-kurdes-erbil-500x334.jpg 500w, https:\/\/www.roxanephoto.com\/blog\/wp-content\/uploads\/2005\/08\/petits-kurdes-erbil.jpg 604w\" sizes=\"(max-width: 360px) 100vw, 360px\" \/><\/a><p id=\"caption-attachment-2779\" class=\"wp-caption-text\">Petits Kurdes - Erbil<\/p><\/div>\n<p>A Erbil, on file avec Tom \u00e0 la citadelle. C&rsquo;est plein de gosses craquants : j&rsquo;en profite pour r\u00e9clamer des bisous entre 2 photos.<\/p>\n<\/div>\n<div style=\"text-align: justify;\">\n<div id=\"attachment_2780\" style=\"width: 250px\" class=\"wp-caption alignleft\"><a href=\"http:\/\/www.kurdistan-photos.com\/portraits\/filles\" target=\"_blank\"><img aria-describedby=\"caption-attachment-2780\" decoding=\"async\" loading=\"lazy\" class=\"size-large wp-image-2780 \" title=\"Petite Kurde\" src=\"http:\/\/www.roxanephoto.com\/blog\/wp-content\/uploads\/2005\/08\/fillette-kurde-400x600.jpg\" alt=\"Petite Kurde\" width=\"240\" height=\"360\" srcset=\"https:\/\/www.roxanephoto.com\/blog\/wp-content\/uploads\/2005\/08\/fillette-kurde-400x600.jpg 400w, https:\/\/www.roxanephoto.com\/blog\/wp-content\/uploads\/2005\/08\/fillette-kurde-334x500.jpg 334w, https:\/\/www.roxanephoto.com\/blog\/wp-content\/uploads\/2005\/08\/fillette-kurde.jpg 405w\" sizes=\"(max-width: 240px) 100vw, 240px\" \/><\/a><p id=\"caption-attachment-2780\" class=\"wp-caption-text\">Petite Kurde<\/p><\/div>\n<p>L&rsquo;attach\u00e9 en communication, qui pr\u00e9tendait ne nous accorder que quelques minutes dans ce lieu de perdition, se triture la moustache d&rsquo;un air impuissant !<\/p>\n<\/div>\n<p>\u00a0<\/p>\n<div style=\"text-align: justify;\">Il nous a fait savoir que si on tenait \u00e0 dormir ici, on devrait payer notre h\u00f4tel : ouf, on peut enfin aller changer de l&rsquo;argent et donc retrouver notre ind\u00e9pendance !<\/div>\n<p>\u00a0<\/p>\n<div style=\"text-align: justify;\">Finalement, l&rsquo;h\u00f4tel que nous choisissons ne leur convient pas : Ahmet vient nous chercher ! Ca sera plus facile de se tirer demain matin, donc, plus forc\u00e9s qu&rsquo;autre chose, on le suit \u00e0 l&rsquo;h\u00f4tel Avesta, UPK malgr\u00e9 la photo de Massoud Barzani dans le hall.<\/div>\n<p>\u00a0<\/p>\n<div style=\"text-align: justify;\">Vers minuit, on doit brusquement aller \u00e0 la police pour obtenir un laissez-passer (qu&rsquo;il ne viendra jamais \u00e0 l&rsquo;id\u00e9e de personne de nous demander) et donc laisser en \u00e9change le papier re\u00e7u \u00e0 la fronti\u00e8re qui lui est indispensable.<\/div>\n<p>\u00a0<\/p>\n<div style=\"text-align: justify;\">L&rsquo;envoy\u00e9e (plus que) sp\u00e9ciale du <em>Monde<\/em> retarde le d\u00e9part pour surfer sur Internet. On patiente en d\u00eenant : \u00e7a l&rsquo;arrange, elle pr\u00e9f\u00e8re g\u00e9n\u00e9ralement manger seule, notre vue et celle des Kurdes lui coupant visiblement l&rsquo;app\u00e9tit ! Pendant qu&rsquo;elle se met \u00e0 son tour \u00e0 table, j&rsquo;en profite pour envoyer un SOS \u00e0 Khasro, actuellement en Finlande et pas chez lui \u00e0 <a title=\"Photos Salahaddin\" href=\"http:\/\/www.kurdistan-photos.com\/salahaddin\" target=\"_blank\">Salahaddin<\/a> (mais toujours efficace), ce qui fait surgir l&rsquo;image parfaite de la pr\u00e9tention frustr\u00e9e qui laissant de c\u00f4t\u00e9 son repas pr\u00e9f\u00e8re venir me gonfler que je fais attendre tout le monde !<\/div>\n<p>\u00a0<\/p>\n<div style=\"text-align: justify;\">Je me marre : elle est persuad\u00e9e que les Kurdes, conscients de son importance, se mettent en 4 rien que pour elle ! J&rsquo;ai une autre th\u00e9orie, dict\u00e9e par une fr\u00e9quentation assidue, concernant notre escorte : \u00ab\u00a0Amie Barzani, nous montrer nous mieux et voler \u00e0 eux !\u00a0\u00bb.<\/div>\n","protected":false},"excerpt":{"rendered":"<p>Pendant que la journaliste de choc va interroger des femmes gr\u00e9vistes de la faim (projet de Constitution), nous allons faire un tour en ville. C&rsquo;est poussi\u00e9reux, pas vraiment esth\u00e9tique, mais nous n&rsquo;avons pas le temps de voir grand chose : &hellip; <a href=\"https:\/\/www.roxanephoto.com\/blog\/2005\/08\/flagrant-delit-de-crimes-de-lese-majeste\/\">Continuer la lecture <span class=\"meta-nav\">&rarr;<\/span><\/a><\/p>\n","protected":false},"author":1,"featured_media":0,"comment_status":"open","ping_status":"open","sticky":false,"template":"","format":"standard","meta":[],"categories":[294,285,42,17,10,293],"tags":[223,288,289,78,131,292],"_links":{"self":[{"href":"https:\/\/www.roxanephoto.com\/blog\/wp-json\/wp\/v2\/posts\/417"}],"collection":[{"href":"https:\/\/www.roxanephoto.com\/blog\/wp-json\/wp\/v2\/posts"}],"about":[{"href":"https:\/\/www.roxanephoto.com\/blog\/wp-json\/wp\/v2\/types\/post"}],"author":[{"embeddable":true,"href":"https:\/\/www.roxanephoto.com\/blog\/wp-json\/wp\/v2\/users\/1"}],"replies":[{"embeddable":true,"href":"https:\/\/www.roxanephoto.com\/blog\/wp-json\/wp\/v2\/comments?post=417"}],"version-history":[{"count":11,"href":"https:\/\/www.roxanephoto.com\/blog\/wp-json\/wp\/v2\/posts\/417\/revisions"}],"predecessor-version":[{"id":1866,"href":"https:\/\/www.roxanephoto.com\/blog\/wp-json\/wp\/v2\/posts\/417\/revisions\/1866"}],"wp:attachment":[{"href":"https:\/\/www.roxanephoto.com\/blog\/wp-json\/wp\/v2\/media?parent=417"}],"wp:term":[{"taxonomy":"category","embeddable":true,"href":"https:\/\/www.roxanephoto.com\/blog\/wp-json\/wp\/v2\/categories?post=417"},{"taxonomy":"post_tag","embeddable":true,"href":"https:\/\/www.roxanephoto.com\/blog\/wp-json\/wp\/v2\/tags?post=417"}],"curies":[{"name":"wp","href":"https:\/\/api.w.org\/{rel}","templated":true}]}}