{"id":430,"date":"2005-08-31T17:05:00","date_gmt":"2005-08-31T16:05:00","guid":{"rendered":"http:\/\/www.roxanephoto.com\/blog\/2005\/08\/31\/istanbul-4\/"},"modified":"2011-02-12T02:37:23","modified_gmt":"2011-02-12T01:37:23","slug":"istanbul-4","status":"publish","type":"post","link":"https:\/\/www.roxanephoto.com\/blog\/2005\/08\/istanbul-4\/","title":{"rendered":"Istanbul"},"content":{"rendered":"<div style=\"text-align: justify;\">\n<div id=\"attachment_3270\" style=\"width: 388px\" class=\"wp-caption alignleft\"><a href=\"http:\/\/www.istanbul-photos.com\/fatih\/fener\" target=\"_blank\"><img aria-describedby=\"caption-attachment-3270\" decoding=\"async\" loading=\"lazy\" class=\"size-large wp-image-3270  \" title=\"Photos Fener Istanbul\" src=\"http:\/\/www.roxanephoto.com\/blog\/wp-content\/uploads\/2005\/08\/fener_604-600x402.jpg\" alt=\"Corne d'Or Istanbul\" width=\"378\" height=\"253\" srcset=\"https:\/\/www.roxanephoto.com\/blog\/wp-content\/uploads\/2005\/08\/fener_604-600x402.jpg 600w, https:\/\/www.roxanephoto.com\/blog\/wp-content\/uploads\/2005\/08\/fener_604-500x335.jpg 500w, https:\/\/www.roxanephoto.com\/blog\/wp-content\/uploads\/2005\/08\/fener_604.jpg 604w\" sizes=\"(max-width: 378px) 100vw, 378px\" \/><\/a><p id=\"caption-attachment-3270\" class=\"wp-caption-text\">Corne d&#39;Or Istanbul<\/p><\/div>\n<p>Une petite semaine entre potes, Fener (sous toutes les coutures) et course \u00e0 l&rsquo;avocat, un cr\u00e9tin d&rsquo;ex-PKK s&rsquo;\u00e9tant permis d&rsquo;utiliser une de mes photos pour la couverture de son bouquin. La contrefa\u00e7on qui n&rsquo;est pas une premi\u00e8re ici commerce s\u00e9rieusement \u00e0 me gonfler, d&rsquo;autant que je ne tombe que sur un pourcentage infime !\u00a0<\/p>\n<\/div>\n<div style=\"text-align: justify;\">Enfin bref, j&rsquo;ai rendez-vous demain avec un avocat d&rsquo;un grand cabinet&#8230; fran\u00e7ais.<\/div>\n","protected":false},"excerpt":{"rendered":"<p>Une petite semaine entre potes, Fener (sous toutes les coutures) et course \u00e0 l&rsquo;avocat, un cr\u00e9tin d&rsquo;ex-PKK s&rsquo;\u00e9tant permis d&rsquo;utiliser une de mes photos pour la couverture de son bouquin. La contrefa\u00e7on qui n&rsquo;est pas une premi\u00e8re ici commerce s\u00e9rieusement &hellip; <a href=\"https:\/\/www.roxanephoto.com\/blog\/2005\/08\/istanbul-4\/\">Continuer la lecture <span class=\"meta-nav\">&rarr;<\/span><\/a><\/p>\n","protected":false},"author":1,"featured_media":0,"comment_status":"open","ping_status":"open","sticky":false,"template":"","format":"standard","meta":[],"categories":[36,10,9],"tags":[189,267],"_links":{"self":[{"href":"https:\/\/www.roxanephoto.com\/blog\/wp-json\/wp\/v2\/posts\/430"}],"collection":[{"href":"https:\/\/www.roxanephoto.com\/blog\/wp-json\/wp\/v2\/posts"}],"about":[{"href":"https:\/\/www.roxanephoto.com\/blog\/wp-json\/wp\/v2\/types\/post"}],"author":[{"embeddable":true,"href":"https:\/\/www.roxanephoto.com\/blog\/wp-json\/wp\/v2\/users\/1"}],"replies":[{"embeddable":true,"href":"https:\/\/www.roxanephoto.com\/blog\/wp-json\/wp\/v2\/comments?post=430"}],"version-history":[{"count":7,"href":"https:\/\/www.roxanephoto.com\/blog\/wp-json\/wp\/v2\/posts\/430\/revisions"}],"predecessor-version":[{"id":1770,"href":"https:\/\/www.roxanephoto.com\/blog\/wp-json\/wp\/v2\/posts\/430\/revisions\/1770"}],"wp:attachment":[{"href":"https:\/\/www.roxanephoto.com\/blog\/wp-json\/wp\/v2\/media?parent=430"}],"wp:term":[{"taxonomy":"category","embeddable":true,"href":"https:\/\/www.roxanephoto.com\/blog\/wp-json\/wp\/v2\/categories?post=430"},{"taxonomy":"post_tag","embeddable":true,"href":"https:\/\/www.roxanephoto.com\/blog\/wp-json\/wp\/v2\/tags?post=430"}],"curies":[{"name":"wp","href":"https:\/\/api.w.org\/{rel}","templated":true}]}}