{"id":4314,"date":"2015-05-23T09:54:18","date_gmt":"2015-05-23T08:54:18","guid":{"rendered":"http:\/\/www.roxanephoto.com\/blog\/?p=4314"},"modified":"2016-11-30T10:23:21","modified_gmt":"2016-11-30T09:23:21","slug":"yezidis-lalesh","status":"publish","type":"post","link":"https:\/\/www.roxanephoto.com\/blog\/2015\/05\/yezidis-lalesh\/","title":{"rendered":"Y\u00e9zidis &#8211; Lalesh"},"content":{"rendered":"<div id=\"attachment_4315\" style=\"width: 278px\" class=\"wp-caption alignleft\"><a href=\"http:\/\/www.kurdistan-photos.com\/portraits\/hommes\" target=\"_blank\" rel=\"http:\/\/www.kurdistan-photos.com\/portraits\/hommes\"><img aria-describedby=\"caption-attachment-4315\" decoding=\"async\" loading=\"lazy\" class=\"wp-image-4315\" title=\"Bab\u00ea Cawish - Lalesh\" src=\"http:\/\/www.roxanephoto.com\/blog\/wp-content\/uploads\/2016\/11\/babe-cawish-335x500.jpg\" alt=\"Bab\u00ea Cawish - Lalesh\" width=\"268\" height=\"400\" srcset=\"https:\/\/www.roxanephoto.com\/blog\/wp-content\/uploads\/2016\/11\/babe-cawish-335x500.jpg 335w, https:\/\/www.roxanephoto.com\/blog\/wp-content\/uploads\/2016\/11\/babe-cawish-402x600.jpg 402w, https:\/\/www.roxanephoto.com\/blog\/wp-content\/uploads\/2016\/11\/babe-cawish.jpg 406w\" sizes=\"(max-width: 268px) 100vw, 268px\" \/><\/a><p id=\"caption-attachment-4315\" class=\"wp-caption-text\">Bab\u00ea Cawish &#8211; Lalesh &#8211; Baba Cawish est le pr\u00eatre responsable du Temple de Lalish<\/p><\/div>\n<div id=\"attachment_4316\" style=\"width: 278px\" class=\"wp-caption alignleft\"><a href=\"http:\/\/www.kurdistan-photos.com\/portraits\/hommes\" target=\"_blank\" rel=\"http:\/\/www.kurdistan-photos.com\/portraits\/hommes\"><img aria-describedby=\"caption-attachment-4316\" decoding=\"async\" loading=\"lazy\" class=\"wp-image-4316\" title=\"Bab\u00ea Gavan - Lalesh\" src=\"http:\/\/www.roxanephoto.com\/blog\/wp-content\/uploads\/2016\/11\/babe-gavan-335x500.jpg\" alt=\"Bab\u00ea Gavan - Lalesh\" width=\"268\" height=\"400\" srcset=\"https:\/\/www.roxanephoto.com\/blog\/wp-content\/uploads\/2016\/11\/babe-gavan-335x500.jpg 335w, https:\/\/www.roxanephoto.com\/blog\/wp-content\/uploads\/2016\/11\/babe-gavan-402x600.jpg 402w, https:\/\/www.roxanephoto.com\/blog\/wp-content\/uploads\/2016\/11\/babe-gavan.jpg 406w\" sizes=\"(max-width: 268px) 100vw, 268px\" \/><\/a><p id=\"caption-attachment-4316\" class=\"wp-caption-text\">Bab\u00ea Gavan &#8211; Lalesh &#8211; Baba Gavan est l&rsquo;un des leaders spirituels y\u00e9zidis<\/p><\/div>\n<div id=\"attachment_4317\" style=\"width: 276px\" class=\"wp-caption alignleft\"><a href=\"http:\/\/www.kurdistan-photos.com\/portraits\/hommes\" target=\"_blank\" rel=\"http:\/\/www.kurdistan-photos.com\/portraits\/hommes\"><img aria-describedby=\"caption-attachment-4317\" decoding=\"async\" loading=\"lazy\" class=\"wp-image-4317\" title=\"Pir Sait - Pir Said - Lalesh\" src=\"http:\/\/www.roxanephoto.com\/blog\/wp-content\/uploads\/2016\/11\/child-priest-333x500.jpg\" alt=\"Pir Sait - Pir Said - Lalesh\" width=\"266\" height=\"400\" srcset=\"https:\/\/www.roxanephoto.com\/blog\/wp-content\/uploads\/2016\/11\/child-priest-333x500.jpg 333w, https:\/\/www.roxanephoto.com\/blog\/wp-content\/uploads\/2016\/11\/child-priest-399x600.jpg 399w, https:\/\/www.roxanephoto.com\/blog\/wp-content\/uploads\/2016\/11\/child-priest.jpg 403w\" sizes=\"(max-width: 266px) 100vw, 266px\" \/><\/a><p id=\"caption-attachment-4317\" class=\"wp-caption-text\">Pir Sait &#8211; Pir Said &#8211; Lalesh &#8211; Pir Sait est l&rsquo;un des pr\u00eatres du Temple y\u00e9zidi de Lalesh. Il est ici avec un petit r\u00e9fugi\u00e9 de Sinjar.<\/p><\/div>\n<div id=\"attachment_4318\" style=\"width: 278px\" class=\"wp-caption alignleft\"><a href=\"http:\/\/www.kurdistan-photos.com\/portraits\/femmes\" target=\"_blank\" rel=\"http:\/\/www.kurdistan-photos.com\/portraits\/femmes\"><img aria-describedby=\"caption-attachment-4318\" decoding=\"async\" loading=\"lazy\" class=\"wp-image-4318\" title=\"Day Asmer - Lalesh\" src=\"http:\/\/www.roxanephoto.com\/blog\/wp-content\/uploads\/2016\/11\/day-asmer-335x500.jpg\" alt=\"Day Asmer - Lalesh\" width=\"268\" height=\"400\" srcset=\"https:\/\/www.roxanephoto.com\/blog\/wp-content\/uploads\/2016\/11\/day-asmer-335x500.jpg 335w, https:\/\/www.roxanephoto.com\/blog\/wp-content\/uploads\/2016\/11\/day-asmer-402x600.jpg 402w, https:\/\/www.roxanephoto.com\/blog\/wp-content\/uploads\/2016\/11\/day-asmer.jpg 406w\" sizes=\"(max-width: 268px) 100vw, 268px\" \/><\/a><p id=\"caption-attachment-4318\" class=\"wp-caption-text\">Day Asmer &#8211; Lalesh &#8211; Day Asmer est la responsable des bapt\u00eames y\u00e9zidis.<\/p><\/div>\n<p>&nbsp;<\/p>\n<div id=\"attachment_4319\" style=\"width: 278px\" class=\"wp-caption aligncenter\"><a href=\"http:\/\/www.kurdistan-photos.com\/portraits\/femmes\" target=\"_blank\" rel=\"http:\/\/www.kurdistan-photos.com\/portraits\/femmes\"><img aria-describedby=\"caption-attachment-4319\" decoding=\"async\" loading=\"lazy\" class=\"wp-image-4319\" title=\"Pir Mam Shivan - Lalesh\" src=\"http:\/\/www.roxanephoto.com\/blog\/wp-content\/uploads\/2016\/11\/pir-mam-shivan-335x500.jpg\" alt=\"Pir Mam Shivan - Lalesh\" width=\"268\" height=\"400\" srcset=\"https:\/\/www.roxanephoto.com\/blog\/wp-content\/uploads\/2016\/11\/pir-mam-shivan-335x500.jpg 335w, https:\/\/www.roxanephoto.com\/blog\/wp-content\/uploads\/2016\/11\/pir-mam-shivan-402x600.jpg 402w, https:\/\/www.roxanephoto.com\/blog\/wp-content\/uploads\/2016\/11\/pir-mam-shivan.jpg 406w\" sizes=\"(max-width: 268px) 100vw, 268px\" \/><\/a><p id=\"caption-attachment-4319\" class=\"wp-caption-text\">Pir Mam Shivan &#8211; Lalesh &#8211; Cette jeune femme habill\u00e9e en costume traditionnel y\u00e9zidi est pr\u00e9sentatrice de t\u00e9l\u00e9vision et fait partie des Pirs de Mam Shivan.<\/p><\/div>\n<div id=\"attachment_4320\" style=\"width: 278px\" class=\"wp-caption aligncenter\"><a href=\"http:\/\/www.kurdistan-photos.com\/portraits\/hommes\" target=\"_blank\" rel=\"http:\/\/www.kurdistan-photos.com\/portraits\/hommes\"><img aria-describedby=\"caption-attachment-4320\" decoding=\"async\" loading=\"lazy\" class=\"wp-image-4320\" title=\"Sheikh Hassan - Lalesh\" src=\"http:\/\/www.roxanephoto.com\/blog\/wp-content\/uploads\/2016\/11\/sheikh-hassan-335x500.jpg\" alt=\"Sheikh Hassan - Lalesh\" width=\"268\" height=\"400\" srcset=\"https:\/\/www.roxanephoto.com\/blog\/wp-content\/uploads\/2016\/11\/sheikh-hassan-335x500.jpg 335w, https:\/\/www.roxanephoto.com\/blog\/wp-content\/uploads\/2016\/11\/sheikh-hassan-402x600.jpg 402w, https:\/\/www.roxanephoto.com\/blog\/wp-content\/uploads\/2016\/11\/sheikh-hassan.jpg 406w\" sizes=\"(max-width: 268px) 100vw, 268px\" \/><\/a><p id=\"caption-attachment-4320\" class=\"wp-caption-text\">Sheikh Hassan &#8211; Lalesh &#8211; Sheikh Hassan fait partie de la famille responsable du Temple y\u00e9zidi de Lalesh.<\/p><\/div>\n<p>&nbsp;<\/p>\n<p>&nbsp;<\/p>\n<p>&nbsp;<\/p>\n","protected":false},"excerpt":{"rendered":"<p>&nbsp; &nbsp; &nbsp; &nbsp;<\/p>\n","protected":false},"author":2,"featured_media":0,"comment_status":"open","ping_status":"closed","sticky":false,"template":"","format":"standard","meta":[],"categories":[42,17,329,10],"tags":[],"_links":{"self":[{"href":"https:\/\/www.roxanephoto.com\/blog\/wp-json\/wp\/v2\/posts\/4314"}],"collection":[{"href":"https:\/\/www.roxanephoto.com\/blog\/wp-json\/wp\/v2\/posts"}],"about":[{"href":"https:\/\/www.roxanephoto.com\/blog\/wp-json\/wp\/v2\/types\/post"}],"author":[{"embeddable":true,"href":"https:\/\/www.roxanephoto.com\/blog\/wp-json\/wp\/v2\/users\/2"}],"replies":[{"embeddable":true,"href":"https:\/\/www.roxanephoto.com\/blog\/wp-json\/wp\/v2\/comments?post=4314"}],"version-history":[{"count":6,"href":"https:\/\/www.roxanephoto.com\/blog\/wp-json\/wp\/v2\/posts\/4314\/revisions"}],"predecessor-version":[{"id":4326,"href":"https:\/\/www.roxanephoto.com\/blog\/wp-json\/wp\/v2\/posts\/4314\/revisions\/4326"}],"wp:attachment":[{"href":"https:\/\/www.roxanephoto.com\/blog\/wp-json\/wp\/v2\/media?parent=4314"}],"wp:term":[{"taxonomy":"category","embeddable":true,"href":"https:\/\/www.roxanephoto.com\/blog\/wp-json\/wp\/v2\/categories?post=4314"},{"taxonomy":"post_tag","embeddable":true,"href":"https:\/\/www.roxanephoto.com\/blog\/wp-json\/wp\/v2\/tags?post=4314"}],"curies":[{"name":"wp","href":"https:\/\/api.w.org\/{rel}","templated":true}]}}