{"id":440,"date":"2007-05-12T15:19:00","date_gmt":"2007-05-12T14:19:00","guid":{"rendered":"http:\/\/www.roxanephoto.com\/blog\/2007\/05\/12\/duhok\/"},"modified":"2011-02-10T14:25:14","modified_gmt":"2011-02-10T13:25:14","slug":"duhok","status":"publish","type":"post","link":"https:\/\/www.roxanephoto.com\/blog\/2007\/05\/duhok\/","title":{"rendered":"Duhok"},"content":{"rendered":"<div style=\"text-align: justify;\">Le temps ne s\u2019arrange pas : ce matin, on a m\u00eame droit \u00e0 de l\u2019orage ! Quand je pense que Sandrine r\u00e2le depuis des ann\u00e9es contre le Dersim sous pr\u00e9texte qu\u2019il y a plu un peu en avril 2001\u2026 Bon, je signale que je soutiens toute r\u00e9clamation de Dersimi visant \u00e0 obtenir un mea culpa public !\u00a0<\/div>\n<div id=\"attachment_3217\" style=\"width: 264px\" class=\"wp-caption alignleft\"><a href=\"http:\/\/www.kurdistan-photos.com\/duhok\/barrage\" target=\"_blank\"><img aria-describedby=\"caption-attachment-3217\" decoding=\"async\" loading=\"lazy\" class=\"size-large wp-image-3217  \" title=\"Photos barrage Duhok\" src=\"http:\/\/www.roxanephoto.com\/blog\/wp-content\/uploads\/2007\/05\/dam-iraq-403x600.jpg\" alt=\"Barrage Duhok\" width=\"254\" height=\"378\" srcset=\"https:\/\/www.roxanephoto.com\/blog\/wp-content\/uploads\/2007\/05\/dam-iraq-403x600.jpg 403w, https:\/\/www.roxanephoto.com\/blog\/wp-content\/uploads\/2007\/05\/dam-iraq-336x500.jpg 336w, https:\/\/www.roxanephoto.com\/blog\/wp-content\/uploads\/2007\/05\/dam-iraq.jpg 408w\" sizes=\"(max-width: 254px) 100vw, 254px\" \/><\/a><p id=\"caption-attachment-3217\" class=\"wp-caption-text\">Barrage Duhok<\/p><\/div>\n<p style=\"text-align: justify;\">On a encore zappe le petit dej, donc resto vers 11 h 30. On commande un plat chacune, plat qui pourrait amplement nourrir deux personnes, d&rsquo;autant qu&rsquo;on nous apporte aussi (visiblement c&rsquo;est compris dans le prix) huit entr\u00e9es et une soupe : on ne risque pas de mourir de faim dans le coin ! Avec de l&rsquo;eau et du th\u00e9, l&rsquo;addition est vraiment plus que raisonnable (19.000 dinars, environ 11,50 euros).\u00a0<\/p>\n<p style=\"text-align: justify;\">On profite d&rsquo;un rayon de soleil pour voir le barrage et les vestiges neolitiques (\u00e0 priori).\u00a0<\/p>\n<p style=\"text-align: justify;\">Ca grimpe (bonjour le vertige) et le vent souffle. Il nous apporte d&rsquo;ailleurs de nouveaux nuages \u00e0 peine la visite terminee.\u00a0<\/p>\n<div id=\"attachment_3218\" style=\"width: 388px\" class=\"wp-caption alignleft\"><a href=\"http:\/\/www.kurdistan-photos.com\/duhok\/site-archeologique\" target=\"_blank\"><img aria-describedby=\"caption-attachment-3218\" decoding=\"async\" loading=\"lazy\" class=\"size-large wp-image-3218  \" title=\"Photos site arch\u00e9ologique Duhok\" src=\"http:\/\/www.roxanephoto.com\/blog\/wp-content\/uploads\/2007\/05\/temple-anahita_604-600x404.jpg\" alt=\"Temple d'Anahita Duhok\" width=\"378\" height=\"255\" srcset=\"https:\/\/www.roxanephoto.com\/blog\/wp-content\/uploads\/2007\/05\/temple-anahita_604-600x404.jpg 600w, https:\/\/www.roxanephoto.com\/blog\/wp-content\/uploads\/2007\/05\/temple-anahita_604-500x336.jpg 500w, https:\/\/www.roxanephoto.com\/blog\/wp-content\/uploads\/2007\/05\/temple-anahita_604.jpg 604w\" sizes=\"(max-width: 378px) 100vw, 378px\" \/><\/a><p id=\"caption-attachment-3218\" class=\"wp-caption-text\">Temple d&#39;Anahita Duhok<\/p><\/div>\n<p style=\"text-align: justify;\">Encore un chauffeur de taxi qui une fois qu&rsquo;il nous a deposees \u00e0 Dream City nous dit que nous devons lui donner ce qu&rsquo;on veut. Bon, ca va mieux, on connait en gros les tarifs. Ici c&rsquo;est entre 2.000 et 3.000 dinars, soit environ entre 1,2 et 1,8 euros.\u00a0<\/p>\n<p style=\"text-align: justify;\">Le parc n&rsquo;ouvre qu&rsquo;\u00e0 16 h. En attendant, on discute avec un petit jeune qui vient de Su\u00e8de et qui nous explique qu&rsquo;ici, les gens ne viennent pas dans les super marches pour faire des courses, mais pour admirer !\u00a0<\/p>\n<div id=\"attachment_3219\" style=\"width: 388px\" class=\"wp-caption alignleft\"><a href=\"http:\/\/www.kurdistan-photos.com\/duhok\/dream-city\" target=\"_blank\"><img aria-describedby=\"caption-attachment-3219\" decoding=\"async\" loading=\"lazy\" class=\"size-large wp-image-3219  \" title=\"Photos Dream city Duhok\" src=\"http:\/\/www.roxanephoto.com\/blog\/wp-content\/uploads\/2007\/05\/dream_604-600x402.jpg\" alt=\"Dream city Duhok\" width=\"378\" height=\"253\" srcset=\"https:\/\/www.roxanephoto.com\/blog\/wp-content\/uploads\/2007\/05\/dream_604-600x402.jpg 600w, https:\/\/www.roxanephoto.com\/blog\/wp-content\/uploads\/2007\/05\/dream_604-500x335.jpg 500w, https:\/\/www.roxanephoto.com\/blog\/wp-content\/uploads\/2007\/05\/dream_604.jpg 604w\" sizes=\"(max-width: 378px) 100vw, 378px\" \/><\/a><p id=\"caption-attachment-3219\" class=\"wp-caption-text\">Dream city Duhok<\/p><\/div>\n<p style=\"text-align: justify;\">On laisse passer l&rsquo;orage qui continue mais qui veut bien laisser la place a un rayon de soleil le temps que je fasse quelques photos.\u00a0<\/p>\n<p style=\"text-align: justify;\">Il y a des piscines super sympas, des aires de jeux pour les enfants o\u00f9 vont aussi sagement se balader les amoureux, mais pour le reste c&rsquo;est trop t\u00f4t. Les attractions ne fonctionnent que le soir aux heures fraiches&#8230; pour aujourd&rsquo;hui, ca aurait pu demarrer plus tot : toutes les heures sont fraiches&#8230; et humides !<\/p>\n<p style=\"text-align: center;\">\n<div id=\"attachment_3221\" style=\"width: 430px\" class=\"wp-caption aligncenter\"><a href=\"http:\/\/www.kurdistan-photos.com\/duhok\/dream-city\" target=\"_blank\"><img aria-describedby=\"caption-attachment-3221\" decoding=\"async\" loading=\"lazy\" class=\"size-large wp-image-3221 \" title=\"Photos Dream city - Dohouk\" src=\"http:\/\/www.roxanephoto.com\/blog\/wp-content\/uploads\/2007\/05\/piscine-couverte_604-600x402.jpg\" alt=\"Piscine Dream city - Dohouk\" width=\"420\" height=\"281\" srcset=\"https:\/\/www.roxanephoto.com\/blog\/wp-content\/uploads\/2007\/05\/piscine-couverte_604-600x402.jpg 600w, https:\/\/www.roxanephoto.com\/blog\/wp-content\/uploads\/2007\/05\/piscine-couverte_604-500x335.jpg 500w, https:\/\/www.roxanephoto.com\/blog\/wp-content\/uploads\/2007\/05\/piscine-couverte_604.jpg 604w\" sizes=\"(max-width: 420px) 100vw, 420px\" \/><\/a><p id=\"caption-attachment-3221\" class=\"wp-caption-text\">Piscine Dream city - Dohouk<\/p><\/div>\n","protected":false},"excerpt":{"rendered":"<p>Le temps ne s\u2019arrange pas : ce matin, on a m\u00eame droit \u00e0 de l\u2019orage ! Quand je pense que Sandrine r\u00e2le depuis des ann\u00e9es contre le Dersim sous pr\u00e9texte qu\u2019il y a plu un peu en avril 2001\u2026 Bon, &hellip; <a href=\"https:\/\/www.roxanephoto.com\/blog\/2007\/05\/duhok\/\">Continuer la lecture <span class=\"meta-nav\">&rarr;<\/span><\/a><\/p>\n","protected":false},"author":1,"featured_media":0,"comment_status":"open","ping_status":"open","sticky":false,"template":"","format":"standard","meta":[],"categories":[300,42,17,10],"tags":[302,303,78],"_links":{"self":[{"href":"https:\/\/www.roxanephoto.com\/blog\/wp-json\/wp\/v2\/posts\/440"}],"collection":[{"href":"https:\/\/www.roxanephoto.com\/blog\/wp-json\/wp\/v2\/posts"}],"about":[{"href":"https:\/\/www.roxanephoto.com\/blog\/wp-json\/wp\/v2\/types\/post"}],"author":[{"embeddable":true,"href":"https:\/\/www.roxanephoto.com\/blog\/wp-json\/wp\/v2\/users\/1"}],"replies":[{"embeddable":true,"href":"https:\/\/www.roxanephoto.com\/blog\/wp-json\/wp\/v2\/comments?post=440"}],"version-history":[{"count":8,"href":"https:\/\/www.roxanephoto.com\/blog\/wp-json\/wp\/v2\/posts\/440\/revisions"}],"predecessor-version":[{"id":2071,"href":"https:\/\/www.roxanephoto.com\/blog\/wp-json\/wp\/v2\/posts\/440\/revisions\/2071"}],"wp:attachment":[{"href":"https:\/\/www.roxanephoto.com\/blog\/wp-json\/wp\/v2\/media?parent=440"}],"wp:term":[{"taxonomy":"category","embeddable":true,"href":"https:\/\/www.roxanephoto.com\/blog\/wp-json\/wp\/v2\/categories?post=440"},{"taxonomy":"post_tag","embeddable":true,"href":"https:\/\/www.roxanephoto.com\/blog\/wp-json\/wp\/v2\/tags?post=440"}],"curies":[{"name":"wp","href":"https:\/\/api.w.org\/{rel}","templated":true}]}}