{"id":443,"date":"2007-05-14T22:54:00","date_gmt":"2007-05-14T21:54:00","guid":{"rendered":"http:\/\/www.roxanephoto.com\/blog\/2007\/05\/14\/villages-chretiens\/"},"modified":"2011-07-16T10:16:40","modified_gmt":"2011-07-16T09:16:40","slug":"villages-chretiens","status":"publish","type":"post","link":"https:\/\/www.roxanephoto.com\/blog\/2007\/05\/villages-chretiens\/","title":{"rendered":"Villages chr\u00e9tiens du Kurdistan"},"content":{"rendered":"<div style=\"text-align: justify;\">\n<div id=\"attachment_3185\" style=\"width: 370px\" class=\"wp-caption alignleft\"><a href=\"http:\/\/www.kurdistan-photos.com\/zakho\" target=\"_blank\"><img aria-describedby=\"caption-attachment-3185\" decoding=\"async\" loading=\"lazy\" class=\"size-large wp-image-3185 \" title=\"Photos Zakho\" src=\"http:\/\/www.roxanephoto.com\/blog\/wp-content\/uploads\/2007\/05\/eveche_604-600x402.jpg\" alt=\"Ev\u00e9ch\u00e9 de Zakho\" width=\"360\" height=\"241\" srcset=\"https:\/\/www.roxanephoto.com\/blog\/wp-content\/uploads\/2007\/05\/eveche_604-600x402.jpg 600w, https:\/\/www.roxanephoto.com\/blog\/wp-content\/uploads\/2007\/05\/eveche_604-500x335.jpg 500w, https:\/\/www.roxanephoto.com\/blog\/wp-content\/uploads\/2007\/05\/eveche_604.jpg 604w\" sizes=\"(max-width: 360px) 100vw, 360px\" \/><\/a><p id=\"caption-attachment-3185\" class=\"wp-caption-text\">Ev\u00e9ch\u00e9 de Zakho<\/p><\/div>\n<p>Le chauffeur de l\u2019\u00e9v\u00eaque piaffe d\u2019impatience le temps que nous finissions notre petit d\u00e9j. Nous avons l\u2019habitude d\u2019\u00eatre maqu\u00e9es par les Kurdes, par les Chald\u00e9ens c\u2019est une premi\u00e8re !<\/p>\n<\/div>\n<p style=\"text-align: justify;\">C\u00f4t\u00e9 chambres \u00e0 l\u2019\u00e9v\u00each\u00e9, nous avons le choix : \u00e0 l\u2019\u00e9tage, elles sont toutes inoccup\u00e9es, \u00e9quip\u00e9es, grandes, neuves, pourvues de la clim., \u00e0 un ou deux lits. On s\u2019installe dans la plus grande avant d\u2019aller prendre le th\u00e9 rituel.<\/p>\n<div style=\"text-align: justify;\">\n<div id=\"attachment_3187\" style=\"width: 370px\" class=\"wp-caption alignleft\"><a href=\"http:\/\/www.kurdistan-photos.com\/peshkhabur\" target=\"_blank\"><img aria-describedby=\"caption-attachment-3187\" decoding=\"async\" loading=\"lazy\" class=\"size-large wp-image-3187 \" title=\"Photos Peshkhabur\" src=\"http:\/\/www.roxanephoto.com\/blog\/wp-content\/uploads\/2007\/05\/syrian-village_604-600x404.jpg\" alt=\"Village syrien - Pesh Khabur\" width=\"360\" height=\"242\" srcset=\"https:\/\/www.roxanephoto.com\/blog\/wp-content\/uploads\/2007\/05\/syrian-village_604-600x404.jpg 600w, https:\/\/www.roxanephoto.com\/blog\/wp-content\/uploads\/2007\/05\/syrian-village_604-500x336.jpg 500w, https:\/\/www.roxanephoto.com\/blog\/wp-content\/uploads\/2007\/05\/syrian-village_604.jpg 604w\" sizes=\"(max-width: 360px) 100vw, 360px\" \/><\/a><p id=\"caption-attachment-3187\" class=\"wp-caption-text\">Village syrien - Pesh Khabur<\/p><\/div>\n<p>Mar Patros nous emm\u00e8ne dans le village chr\u00e9tien de Peshkhabur, flambant neuf, qui comme la plupart a \u00e9t\u00e9 d\u00e9truit sous Saddam Hussein. Le gouvernement du Kurdistan finance les reconstructions, y compris celles des \u00e9glises.<\/p>\n<\/div>\n<p style=\"text-align: justify;\">Celle-ci est au bord de l\u2019eau, \u00e0 une centaine de m\u00e8tres d\u2019un village chr\u00e9tien syrien sur l\u2019autre rive.<\/p>\n<div style=\"text-align: justify;\">\n<dl id=\"attachment_3189\" class=\"wp-caption alignleft\" style=\"width: 370px;\">\n<dt class=\"wp-caption-dt\"><a href=\"http:\/\/www.kurdistan-photos.com\/peshkhabur\" target=\"_blank\"><img decoding=\"async\" loading=\"lazy\" class=\"size-large wp-image-3189 \" title=\"Photos Peshkhabur\" src=\"http:\/\/www.roxanephoto.com\/blog\/wp-content\/uploads\/2007\/05\/eglise-moyen-age_604-600x402.jpg\" alt=\"Eglise du Moyen Age - Peshkhabur\" width=\"360\" height=\"241\" srcset=\"https:\/\/www.roxanephoto.com\/blog\/wp-content\/uploads\/2007\/05\/eglise-moyen-age_604-600x402.jpg 600w, https:\/\/www.roxanephoto.com\/blog\/wp-content\/uploads\/2007\/05\/eglise-moyen-age_604-500x335.jpg 500w, https:\/\/www.roxanephoto.com\/blog\/wp-content\/uploads\/2007\/05\/eglise-moyen-age_604.jpg 604w\" sizes=\"(max-width: 360px) 100vw, 360px\" \/><\/a><\/dt>\n<dd class=\"wp-caption-dd\">Eglise du Moyen Age &#8211; Peshkhabur<\/dd>\n<\/dl>\n<p class=\"mceTemp\">A l\u2019occasion des travaux, les fondations d\u2019une ancienne \u00e9glise du milieu du 15e si\u00e8cle ont \u00e9t\u00e9 d\u00e9couvertes.<\/p>\n<\/div>\n<p style=\"text-align: justify;\">A Cembkurik, village chr\u00e9tien\u00a0\u00e9galement neuf, la reconstruction d\u2019un bassin est en cours : sa source avait \u00e9t\u00e9 bouch\u00e9e \u00e9galement par les sbires de Saddam.<\/p>\n<div class=\"mceTemp\" style=\"text-align: justify;\">\n<dl id=\"attachment_3196\" class=\"wp-caption alignright\" style=\"width: 227px;\">\n<dt class=\"wp-caption-dt\"><a href=\"http:\/\/www.kurdistan-photos.com\/cembkurik\" target=\"_blank\"><img decoding=\"async\" loading=\"lazy\" class=\"size-large wp-image-3196 \" title=\"Photos Cembkurik\" src=\"http:\/\/www.roxanephoto.com\/blog\/wp-content\/uploads\/2007\/05\/eveque-401x600.jpg\" alt=\"Mar Patros Harboli\" width=\"217\" height=\"324\" srcset=\"https:\/\/www.roxanephoto.com\/blog\/wp-content\/uploads\/2007\/05\/eveque-401x600.jpg 401w, https:\/\/www.roxanephoto.com\/blog\/wp-content\/uploads\/2007\/05\/eveque-334x500.jpg 334w, https:\/\/www.roxanephoto.com\/blog\/wp-content\/uploads\/2007\/05\/eveque.jpg 406w\" sizes=\"(max-width: 217px) 100vw, 217px\" \/><\/a><\/dt>\n<dd class=\"wp-caption-dd\">Mar Patros Harboli<\/dd>\n<\/dl>\n<p class=\"mceTemp\">Les 4 x 4 sont nombreux dans la r\u00e9gion : ici, ils sont indispensables et loin de la frime parisienne.<\/p>\n<\/div>\n<p style=\"text-align: justify;\">Nous allons ensuite \u00e0 Piraka, le village de la s\u0153ur de Mar Patros, qui avait initialement \u00e9t\u00e9 construit pour arabiser la r\u00e9gion.<\/p>\n<p style=\"text-align: justify;\">Il y avait un pont, soit disant roman (romain ?), mais il ne reste plus grand-chose \u00e0 photographier.<\/p>\n<p>&nbsp;<\/p>\n<div id=\"attachment_3199\" style=\"width: 430px\" class=\"wp-caption aligncenter\"><a href=\"http:\/\/www.kurdistan-photos.com\/cembkurik\" target=\"_blank\"><img aria-describedby=\"caption-attachment-3199\" decoding=\"async\" loading=\"lazy\" class=\"size-large wp-image-3199 \" title=\"Photos Cembkurik\" src=\"http:\/\/www.roxanephoto.com\/blog\/wp-content\/uploads\/2007\/05\/installation-petrole_604-600x404.jpg\" alt=\"Installations p\u00e9troli\u00e8res - Cembkurik\" width=\"420\" height=\"283\" srcset=\"https:\/\/www.roxanephoto.com\/blog\/wp-content\/uploads\/2007\/05\/installation-petrole_604-600x404.jpg 600w, https:\/\/www.roxanephoto.com\/blog\/wp-content\/uploads\/2007\/05\/installation-petrole_604-500x336.jpg 500w, https:\/\/www.roxanephoto.com\/blog\/wp-content\/uploads\/2007\/05\/installation-petrole_604.jpg 604w\" sizes=\"(max-width: 420px) 100vw, 420px\" \/><\/a><p id=\"caption-attachment-3199\" class=\"wp-caption-text\">Installations p\u00e9troli\u00e8res - Cembkurik<\/p><\/div>\n<div id=\"attachment_3204\" style=\"width: 370px\" class=\"wp-caption alignleft\"><a href=\"http:\/\/www.kurdistan-photos.com\/sanate\" target=\"_blank\"><img aria-describedby=\"caption-attachment-3204\" decoding=\"async\" loading=\"lazy\" class=\"size-large wp-image-3204 \" title=\"Photos Sanate\" src=\"http:\/\/www.roxanephoto.com\/blog\/wp-content\/uploads\/2007\/05\/sanate_604-600x402.jpg\" alt=\"Sanate\" width=\"360\" height=\"241\" srcset=\"https:\/\/www.roxanephoto.com\/blog\/wp-content\/uploads\/2007\/05\/sanate_604-600x402.jpg 600w, https:\/\/www.roxanephoto.com\/blog\/wp-content\/uploads\/2007\/05\/sanate_604-500x335.jpg 500w, https:\/\/www.roxanephoto.com\/blog\/wp-content\/uploads\/2007\/05\/sanate_604.jpg 604w\" sizes=\"(max-width: 360px) 100vw, 360px\" \/><\/a><p id=\"caption-attachment-3204\" class=\"wp-caption-text\">Sanate<\/p><\/div>\n<p style=\"text-align: justify;\">Nous finissons la journ\u00e9e par le village neuf qui accueille aujourd&rsquo;hui les habitants de Sanate, l&rsquo;ancien qui a \u00e9t\u00e9 d\u00e9truit \u00e9tant actuellement inaccessible.<\/p>\n","protected":false},"excerpt":{"rendered":"<p>Le chauffeur de l\u2019\u00e9v\u00eaque piaffe d\u2019impatience le temps que nous finissions notre petit d\u00e9j. Nous avons l\u2019habitude d\u2019\u00eatre maqu\u00e9es par les Kurdes, par les Chald\u00e9ens c\u2019est une premi\u00e8re ! C\u00f4t\u00e9 chambres \u00e0 l\u2019\u00e9v\u00each\u00e9, nous avons le choix : \u00e0 l\u2019\u00e9tage, &hellip; <a href=\"https:\/\/www.roxanephoto.com\/blog\/2007\/05\/villages-chretiens\/\">Continuer la lecture <span class=\"meta-nav\">&rarr;<\/span><\/a><\/p>\n","protected":false},"author":1,"featured_media":0,"comment_status":"open","ping_status":"open","sticky":false,"template":"","format":"standard","meta":[],"categories":[325,42,17,324,10,326,327,280],"tags":[307,78,322],"_links":{"self":[{"href":"https:\/\/www.roxanephoto.com\/blog\/wp-json\/wp\/v2\/posts\/443"}],"collection":[{"href":"https:\/\/www.roxanephoto.com\/blog\/wp-json\/wp\/v2\/posts"}],"about":[{"href":"https:\/\/www.roxanephoto.com\/blog\/wp-json\/wp\/v2\/types\/post"}],"author":[{"embeddable":true,"href":"https:\/\/www.roxanephoto.com\/blog\/wp-json\/wp\/v2\/users\/1"}],"replies":[{"embeddable":true,"href":"https:\/\/www.roxanephoto.com\/blog\/wp-json\/wp\/v2\/comments?post=443"}],"version-history":[{"count":23,"href":"https:\/\/www.roxanephoto.com\/blog\/wp-json\/wp\/v2\/posts\/443\/revisions"}],"predecessor-version":[{"id":3591,"href":"https:\/\/www.roxanephoto.com\/blog\/wp-json\/wp\/v2\/posts\/443\/revisions\/3591"}],"wp:attachment":[{"href":"https:\/\/www.roxanephoto.com\/blog\/wp-json\/wp\/v2\/media?parent=443"}],"wp:term":[{"taxonomy":"category","embeddable":true,"href":"https:\/\/www.roxanephoto.com\/blog\/wp-json\/wp\/v2\/categories?post=443"},{"taxonomy":"post_tag","embeddable":true,"href":"https:\/\/www.roxanephoto.com\/blog\/wp-json\/wp\/v2\/tags?post=443"}],"curies":[{"name":"wp","href":"https:\/\/api.w.org\/{rel}","templated":true}]}}